{"id":6050,"date":"2025-10-23T09:55:40","date_gmt":"2025-10-23T14:55:40","guid":{"rendered":"https:\/\/www.domesticgourmet.com\/hummus-facil-de-frijoles-negras-favorito-de-tampa\/"},"modified":"2025-12-26T23:27:40","modified_gmt":"2025-12-27T04:27:40","slug":"hummus-facil-de-frijoles-negras-favorito-de-tampa","status":"publish","type":"post","link":"https:\/\/www.domesticgourmet.com\/es\/hummus-facil-de-frijoles-negras-favorito-de-tampa\/","title":{"rendered":"Hummus f\u00e1cil de frijoles negras favorito de Tampa"},"content":{"rendered":"\n<p>Este <strong>Hummus de frijoles negras al mojo <\/strong>es una fusi\u00f3n del <em>mojo<\/em> cubano (ajo, c\u00edtricos y calor) y la textura cremosa del hummus mediterr\u00e1neo. Es suave, brillante y conmovedor a la vez. <\/p>\n\n<p>Como orgullosa cubano-americana y fundadora de <strong><a href=\"http:\/\/www.domesticgourmet.com\" target=\"_blank\" rel=\"noopener\" title=\"\">Gourmet Dom\u00e9stico<\/a><\/strong>siempre he cre\u00eddo que la comida cuenta la historia de qui\u00e9nes somos. Para la <strong><a href=\"https:\/\/www.tampa.gov\/hispanic-heritage-committee\/mayors-hispanic-heritage-celebration\" target=\"_blank\" rel=\"noopener\" title=\"\">37\u00aa Celebraci\u00f3n Anual de la Herencia Hispana de la Alcald\u00eda de Tampa<\/a><\/strong>quer\u00eda servir algo que reflejara tanto mi herencia como mi pasi\u00f3n por el sabor moderno.<\/p>\n\n<h3 class=\"wp-block-heading\">Hummus de frijoles negras: Una Celebraci\u00f3n de Cultura y Creatividad<\/h3>\n\n<p>Cuando supe que 200 invitados asistir\u00edan durante su pausa de una hora para comer, supe que ten\u00eda que crear algo <strong>para llevar y<\/strong> a la vez inolvidable.<\/p>\n\n<p><span style=\"box-sizing: border-box; margin: 0px; padding: 0px;\">Decid\u00ed envasar individualmente<strong> el Hummus de frijoles negras Mojo <\/strong>en tazas y acompa\u00f1arlo con un surtido de chips de pl\u00e1tano -dulces, salados y con sabor a lima-<\/span>. Cada invitado pod\u00eda coger uno, disfrutarlo r\u00e1pidamente y aun as\u00ed sentir que hab\u00eda vivido una aut\u00e9ntica experiencia culinaria. <\/p>\n\n<p>\u00a1Fue un \u00e9xito! Los invitados no paraban de preguntar <em>: \u00ab\u00bfD\u00f3nde puedo pedir esto?\u00bb Y <\/em>momentos como \u00e9se me recuerdan por qu\u00e9 me encanta lo que hago: conectar a la gente con la cultura a trav\u00e9s de la comida. <\/p>\n\n<figure class=\"wp-block-image size-large\"><img decoding=\"async\" width=\"1024\" height=\"768\" src=\"https:\/\/www.domesticgourmet.com\/wp-content\/smush-webp\/2025\/10\/Mojo-Black-Bean-Hummus-Cups-1-1024x768.jpg.webp\" alt=\"Copas de hummus de frijoles negras Mojo elaboradas con aceite de achiote ecol&#xF3;gico Domestic Gourmet - aceite de achiote, saz&#xF3;n ecol&#xF3;gico y adobo ecol&#xF3;gico\" class=\"wp-image-6023\" srcset=\"https:\/\/www.domesticgourmet.com\/wp-content\/smush-webp\/2025\/10\/Mojo-Black-Bean-Hummus-Cups-1-1024x768.jpg.webp 1024w, https:\/\/www.domesticgourmet.com\/wp-content\/smush-webp\/2025\/10\/Mojo-Black-Bean-Hummus-Cups-1-300x225.jpg.webp 300w, https:\/\/www.domesticgourmet.com\/wp-content\/smush-webp\/2025\/10\/Mojo-Black-Bean-Hummus-Cups-1-768x576.jpg.webp 768w, https:\/\/www.domesticgourmet.com\/wp-content\/smush-webp\/2025\/10\/Mojo-Black-Bean-Hummus-Cups-1-1536x1152.jpg.webp 1536w, https:\/\/www.domesticgourmet.com\/wp-content\/smush-webp\/2025\/10\/Mojo-Black-Bean-Hummus-Cups-1-2048x1536.jpg.webp 2048w, https:\/\/www.domesticgourmet.com\/wp-content\/smush-webp\/2025\/10\/Mojo-Black-Bean-Hummus-Cups-1-500x375.jpg.webp 500w, https:\/\/www.domesticgourmet.com\/wp-content\/smush-webp\/2025\/10\/Mojo-Black-Bean-Hummus-Cups-1-1920x1440.jpg.webp 1920w, https:\/\/www.domesticgourmet.com\/wp-content\/smush-webp\/2025\/10\/Mojo-Black-Bean-Hummus-Cups-1-1440x1080.jpg.webp 1440w, https:\/\/www.domesticgourmet.com\/wp-content\/smush-webp\/2025\/10\/Mojo-Black-Bean-Hummus-Cups-1-1200x900.jpg.webp 1200w, https:\/\/www.domesticgourmet.com\/wp-content\/smush-webp\/2025\/10\/Mojo-Black-Bean-Hummus-Cups-1-780x585.jpg.webp 780w, https:\/\/www.domesticgourmet.com\/wp-content\/smush-webp\/2025\/10\/Mojo-Black-Bean-Hummus-Cups-1-600x450.jpg.webp 600w, https:\/\/www.domesticgourmet.com\/wp-content\/smush-webp\/2025\/10\/Mojo-Black-Bean-Hummus-Cups-1-550x413.jpg.webp 550w, https:\/\/www.domesticgourmet.com\/wp-content\/smush-webp\/2025\/10\/Mojo-Black-Bean-Hummus-Cups-1-370x278.jpg.webp 370w, https:\/\/www.domesticgourmet.com\/wp-content\/smush-webp\/2025\/10\/Mojo-Black-Bean-Hummus-Cups-1-255x191.jpg.webp 255w, https:\/\/www.domesticgourmet.com\/wp-content\/smush-webp\/2025\/10\/Mojo-Black-Bean-Hummus-Cups-1-1320x990.jpg.webp 1320w\" sizes=\"(max-width: 1024px) 100vw, 1024px\" \/><\/figure>\n\n<h3 class=\"wp-block-heading\">\u00bfPor qu\u00e9 hummus de frijoles negras?<\/h3>\n\n<p>Este plato es mi forma de decir que la herencia y la innovaci\u00f3n pueden coexistir maravillosamente en un bocado. El <strong>Mojo Black Bean Hummus<\/strong> celebra los sabores latinos con los que crec\u00ed, a la vez que rinde homenaje a la diversidad que hace de Tampa una ciudad culinaria tan vibrante. <\/p>\n\n<p>Gracias, <strong>alcalde Castor<\/strong>, y a la ciudad de Tampa, por permitir que <a href=\"http:\/\/www.domesticgourmet.com\" target=\"_blank\" rel=\"noopener\" title=\"\">Domestic Gourmet<\/a> forme parte de este d\u00eda inolvidable.<\/p>\n\n<figure class=\"wp-block-image size-large\"><img decoding=\"async\" width=\"1024\" height=\"768\" src=\"https:\/\/www.domesticgourmet.com\/wp-content\/smush-webp\/2025\/10\/City-of-Tampa-Mayors-Hispanic-Heritage-Celebration-1-1024x768.jpg.webp\" alt=\"\" class=\"wp-image-6025\" srcset=\"https:\/\/www.domesticgourmet.com\/wp-content\/smush-webp\/2025\/10\/City-of-Tampa-Mayors-Hispanic-Heritage-Celebration-1-1024x768.jpg.webp 1024w, https:\/\/www.domesticgourmet.com\/wp-content\/smush-webp\/2025\/10\/City-of-Tampa-Mayors-Hispanic-Heritage-Celebration-1-300x225.jpg.webp 300w, https:\/\/www.domesticgourmet.com\/wp-content\/smush-webp\/2025\/10\/City-of-Tampa-Mayors-Hispanic-Heritage-Celebration-1-768x576.jpg.webp 768w, https:\/\/www.domesticgourmet.com\/wp-content\/smush-webp\/2025\/10\/City-of-Tampa-Mayors-Hispanic-Heritage-Celebration-1-1536x1152.jpg.webp 1536w, https:\/\/www.domesticgourmet.com\/wp-content\/smush-webp\/2025\/10\/City-of-Tampa-Mayors-Hispanic-Heritage-Celebration-1-2048x1536.jpg.webp 2048w, https:\/\/www.domesticgourmet.com\/wp-content\/smush-webp\/2025\/10\/City-of-Tampa-Mayors-Hispanic-Heritage-Celebration-1-500x375.jpg.webp 500w, https:\/\/www.domesticgourmet.com\/wp-content\/smush-webp\/2025\/10\/City-of-Tampa-Mayors-Hispanic-Heritage-Celebration-1-1920x1440.jpg.webp 1920w, https:\/\/www.domesticgourmet.com\/wp-content\/smush-webp\/2025\/10\/City-of-Tampa-Mayors-Hispanic-Heritage-Celebration-1-1440x1080.jpg.webp 1440w, https:\/\/www.domesticgourmet.com\/wp-content\/smush-webp\/2025\/10\/City-of-Tampa-Mayors-Hispanic-Heritage-Celebration-1-1200x900.jpg.webp 1200w, https:\/\/www.domesticgourmet.com\/wp-content\/smush-webp\/2025\/10\/City-of-Tampa-Mayors-Hispanic-Heritage-Celebration-1-780x585.jpg.webp 780w, https:\/\/www.domesticgourmet.com\/wp-content\/smush-webp\/2025\/10\/City-of-Tampa-Mayors-Hispanic-Heritage-Celebration-1-600x450.jpg.webp 600w, https:\/\/www.domesticgourmet.com\/wp-content\/smush-webp\/2025\/10\/City-of-Tampa-Mayors-Hispanic-Heritage-Celebration-1-550x412.jpg.webp 550w, https:\/\/www.domesticgourmet.com\/wp-content\/smush-webp\/2025\/10\/City-of-Tampa-Mayors-Hispanic-Heritage-Celebration-1-370x278.jpg.webp 370w, https:\/\/www.domesticgourmet.com\/wp-content\/smush-webp\/2025\/10\/City-of-Tampa-Mayors-Hispanic-Heritage-Celebration-1-255x191.jpg.webp 255w, https:\/\/www.domesticgourmet.com\/wp-content\/smush-webp\/2025\/10\/City-of-Tampa-Mayors-Hispanic-Heritage-Celebration-1-1320x990.jpg.webp 1320w\" sizes=\"(max-width: 1024px) 100vw, 1024px\" \/><\/figure>\n\n<p>En <strong><a href=\"http:\/\/www.domesticgourmet.com\" target=\"_blank\" rel=\"noopener\" title=\"\">Gourmet Dom\u00e9stico<\/a><\/strong>celebramos la herencia latina a trav\u00e9s de ingredientes artesanales y limpios, como nuestro <strong> <a href=\"https:\/\/www.domesticgourmet.com\/es\/product\/aceite-de-achiote-ecologico\/\" target=\"_blank\" rel=\"noopener\" title=\"\">Aceite de Achiote<\/a><a href=\"https:\/\/www.domesticgourmet.com\/es\/product\/aceite-de-achiote-ecologico\/\" target=\"_blank\" rel=\"noopener\" title=\"\">Ecol\u00f3gico<\/a><\/strong> y nuestro Adobo <strong>Ecol\u00f3gico<\/strong>. <strong><a href=\"https:\/\/www.domesticgourmet.com\/es\/product\/adobo-ecologico-domestic-gourmet\/\" target=\"_blank\" rel=\"noopener\" title=\"\">Adobo Ecol\u00f3gico<\/a><\/strong>.<\/p>\n\n<p>Desde <strong>las luces del escenario<a href=\"https:\/\/tampatheatre.org\/\" target=\"_blank\" rel=\"noopener\" title=\"\">del Teatro Tampa<\/a><\/strong> hasta la mesa de tu cocina, este <strong>hummus de inspiraci\u00f3n cubana<\/strong> demuestra que la tradici\u00f3n y la innovaci\u00f3n van de la mano en cada bocado.<\/p>\n\n<h3 class=\"wp-block-heading\">\u2764\ufe0f Dedicado a Carmen<\/h3>\n\n<p>Dedico esta receta a <strong>Carmen<\/strong>, a quien conoc\u00ed en este evento. Su amor por este <strong>Hummus de frijoles Negras Mojo<\/strong> (y por todo lo que creo en Domestic Gourmet) me recuerda que la comida es conexi\u00f3n, comunidad y amor. Carmen, \u00a1esta receta es para ti!  <\/p>\n\n<p>\u00a1iBuen provecho!<\/p>\n\n<p><em>Seleccionamos de forma independiente todos los productos que presentamos en Domestic Gourmet.  <em>Podemos ganar una comisi\u00f3n de afiliaci\u00f3n cuando compres a trav\u00e9s de los enlaces de este sitio.<\/em><\/em><\/p>\n<div id=\"recipe\"><\/div><div id=\"wprm-recipe-container-6009\" class=\"wprm-recipe-container\" data-recipe-id=\"6009\" data-servings=\"8\"><div class=\"wprm-recipe wprm-recipe-template-tinysalt-recipe\"><div class=\"wprm-recipe-template-ts-container\">\n    <div class=\"wprm-ts-top\">\n        <div class=\"wprm-ts-img\">\n            <div class=\"wprm-recipe-image wprm-block-image-normal\"><img decoding=\"async\" style=\"border-width: 0px;border-style: solid;border-color: #666666;\" width=\"800\" height=\"600\" src=\"https:\/\/www.domesticgourmet.com\/wp-content\/smush-webp\/2025\/10\/Black-Bean-Hummus-scaled.jpg.webp\" class=\"attachment-800x99999 size-800x99999\" alt=\"Mojo Black Bean Hummus, Cuban-inspired, made with Domestic Gourmet Organic Annatto Oil, Domestic Gourmet Organic Adobo\" srcset=\"https:\/\/www.domesticgourmet.com\/wp-content\/smush-webp\/2025\/10\/Black-Bean-Hummus-scaled.jpg.webp 2560w, https:\/\/www.domesticgourmet.com\/wp-content\/smush-webp\/2025\/10\/Black-Bean-Hummus-300x225.jpg.webp 300w, https:\/\/www.domesticgourmet.com\/wp-content\/smush-webp\/2025\/10\/Black-Bean-Hummus-1024x768.jpg.webp 1024w, https:\/\/www.domesticgourmet.com\/wp-content\/smush-webp\/2025\/10\/Black-Bean-Hummus-768x576.jpg.webp 768w, https:\/\/www.domesticgourmet.com\/wp-content\/smush-webp\/2025\/10\/Black-Bean-Hummus-1536x1152.jpg.webp 1536w, https:\/\/www.domesticgourmet.com\/wp-content\/smush-webp\/2025\/10\/Black-Bean-Hummus-2048x1536.jpg.webp 2048w, https:\/\/www.domesticgourmet.com\/wp-content\/smush-webp\/2025\/10\/Black-Bean-Hummus-500x375.jpg.webp 500w, https:\/\/www.domesticgourmet.com\/wp-content\/smush-webp\/2025\/10\/Black-Bean-Hummus-1920x1440.jpg.webp 1920w, https:\/\/www.domesticgourmet.com\/wp-content\/smush-webp\/2025\/10\/Black-Bean-Hummus-1440x1080.jpg.webp 1440w, https:\/\/www.domesticgourmet.com\/wp-content\/smush-webp\/2025\/10\/Black-Bean-Hummus-1200x900.jpg.webp 1200w, https:\/\/www.domesticgourmet.com\/wp-content\/smush-webp\/2025\/10\/Black-Bean-Hummus-780x585.jpg.webp 780w, https:\/\/www.domesticgourmet.com\/wp-content\/smush-webp\/2025\/10\/Black-Bean-Hummus-600x450.jpg.webp 600w, https:\/\/www.domesticgourmet.com\/wp-content\/smush-webp\/2025\/10\/Black-Bean-Hummus-550x413.jpg.webp 550w, https:\/\/www.domesticgourmet.com\/wp-content\/smush-webp\/2025\/10\/Black-Bean-Hummus-370x278.jpg.webp 370w, https:\/\/www.domesticgourmet.com\/wp-content\/smush-webp\/2025\/10\/Black-Bean-Hummus-255x191.jpg.webp 255w, https:\/\/www.domesticgourmet.com\/wp-content\/smush-webp\/2025\/10\/Black-Bean-Hummus-1320x990.jpg.webp 1320w\" sizes=\"(max-width: 800px) 100vw, 800px\" \/><\/div>\n        <\/div>\n        \n        <div class=\"wprm-ts-buttons\">\n            <a href=\"https:\/\/www.domesticgourmet.com\/es\/wprm_print\/mojo-black-bean-hummus\" style=\"color: #ffffff;background-color: #ffffff;border-color: #ffffff;border-radius: 100px;padding: 0px 8px;\" class=\"wprm-recipe-print wprm-recipe-link wprm-print-recipe-shortcode wprm-block-text-bold wprm-recipe-print-inline-button wprm-recipe-link-inline-button wprm-color-accent\" data-recipe-id=\"6009\" data-template=\"\" target=\"_blank\" rel=\"nofollow\" aria-label=\"Imprimir Receta\"><span class=\"wprm-recipe-icon wprm-recipe-print-icon\"><svg xmlns=\"http:\/\/www.w3.org\/2000\/svg\" xmlns:xlink=\"http:\/\/www.w3.org\/1999\/xlink\" x=\"0px\" y=\"0px\" width=\"16px\" height=\"16px\" viewBox=\"0 0 24 24\"><g ><path fill=\"#000000\" d=\"M19,5.09V1c0-0.552-0.448-1-1-1H6C5.448,0,5,0.448,5,1v4.09C2.167,5.569,0,8.033,0,11v7c0,0.552,0.448,1,1,1h4v4c0,0.552,0.448,1,1,1h12c0.552,0,1-0.448,1-1v-4h4c0.552,0,1-0.448,1-1v-7C24,8.033,21.833,5.569,19,5.09z M7,2h10v3H7V2z M17,22H7v-9h10V22z M18,10c-0.552,0-1-0.448-1-1c0-0.552,0.448-1,1-1s1,0.448,1,1C19,9.552,18.552,10,18,10z\"\/><\/g><\/svg><\/span> <\/a>\n            <a href=\"https:\/\/www.pinterest.com\/pin\/create\/bookmarklet\/?url=https%3A%2F%2Fwww.domesticgourmet.com%2Ftampas-favorite-easy-black-bean-hummus%2F&amp;media=https%3A%2F%2Fwww.domesticgourmet.com%2Fwp-content%2Fuploads%2F2025%2F10%2FBlack-Bean-Hummus-scaled.jpg&amp;description=Mojo+Black+Bean+Hummus&amp;is_video=false\" target=\"_blank\" rel=\"nofollow noopener\" data-recipe=\"6009\" data-url=\"https:\/\/www.domesticgourmet.com\/tampas-favorite-easy-black-bean-hummus\/\" data-media=\"https:\/\/www.domesticgourmet.com\/wp-content\/uploads\/2025\/10\/Black-Bean-Hummus-scaled.jpg\" data-description=\"Mojo Black Bean Hummus\" data-repin=\"\" role=\"button\" aria-label=\"Fijar la receta\" style=\"color: #ffffff;background-color: #ffffff;border-color: #ffffff;border-radius: 100px;padding: 0px 8px;\" class=\"wprm-recipe-pin wprm-recipe-link wprm-block-text-bold wprm-recipe-pin-inline-button wprm-recipe-link-inline-button wprm-color-accent\"><span class=\"wprm-recipe-icon wprm-recipe-pin-icon\"><svg xmlns=\"http:\/\/www.w3.org\/2000\/svg\" width=\"16\" height=\"16\" viewBox=\"0 0 24 24\"><g class=\"nc-icon-wrapper\" fill=\"#000000\"><path fill=\"#000000\" d=\"M12,0C5.4,0,0,5.4,0,12c0,5.1,3.2,9.4,7.6,11.2c-0.1-0.9-0.2-2.4,0-3.4c0.2-0.9,1.4-6,1.4-6S8.7,13,8.7,12 c0-1.7,1-2.9,2.2-2.9c1,0,1.5,0.8,1.5,1.7c0,1-0.7,2.6-1,4c-0.3,1.2,0.6,2.2,1.8,2.2c2.1,0,3.8-2.2,3.8-5.5c0-2.9-2.1-4.9-5-4.9 c-3.4,0-5.4,2.6-5.4,5.2c0,1,0.4,2.1,0.9,2.7c0.1,0.1,0.1,0.2,0.1,0.3c-0.1,0.4-0.3,1.2-0.3,1.4c-0.1,0.2-0.2,0.3-0.4,0.2 c-1.5-0.7-2.4-2.9-2.4-4.6c0-3.8,2.8-7.3,7.9-7.3c4.2,0,7.4,3,7.4,6.9c0,4.1-2.6,7.5-6.2,7.5c-1.2,0-2.4-0.6-2.8-1.4 c0,0-0.6,2.3-0.7,2.9c-0.3,1-1,2.3-1.5,3.1C9.6,23.8,10.8,24,12,24c6.6,0,12-5.4,12-12C24,5.4,18.6,0,12,0z\"><\/path><\/g><\/svg><\/span> <\/a>\n        <\/div>\n    <\/div>\n    \n    <div class=\"wprm-ts-header\">   \n        \n        <h2 class=\"wprm-recipe-name wprm-block-text-bold\">Mojo Black Bean Hummus<\/h2>\n        <div class=\"wprm-recipe-summary wprm-block-text-normal\"><span style=\"display: block;\">Mojo Black Bean Hummus, made with Cuban-inspired flavors.<\/span><\/div>\n    <\/div>\n    \n    <div class=\"wprm-ts-main-meta\">\n        <div class=\"wprm-recipe-block-container wprm-recipe-block-container-inline wprm-block-text-normal wprm-recipe-servings-container\" style=\"\"><span class=\"wprm-recipe-details-label wprm-block-text-bold wprm-recipe-servings-label\">Servings <\/span><span class=\"wprm-recipe-servings-with-unit\"><span class=\"wprm-recipe-servings wprm-recipe-details wprm-block-text-normal\">8<\/span> <span class=\"wprm-recipe-servings-unit wprm-recipe-details-unit wprm-block-text-normal\">people<\/span><\/span><\/div>\n        <div class=\"wprm-recipe-meta-container wprm-recipe-times-container wprm-recipe-details-container wprm-recipe-details-container-inline wprm-block-text-normal\"><div class=\"wprm-recipe-block-container wprm-recipe-block-container-inline wprm-block-text-normal wprm-recipe-time-container wprm-recipe-prep-time-container\" style=\"\"><span class=\"wprm-recipe-details-label wprm-block-text-bold wprm-recipe-time-label wprm-recipe-prep-time-label\">Tiempo de preparaci\u00f3n <\/span><span class=\"wprm-recipe-time wprm-block-text-normal\"><span class=\"wprm-recipe-details wprm-recipe-details-minutes wprm-recipe-prep_time wprm-recipe-prep_time-minutes\">10<span class=\"sr-only screen-reader-text wprm-screen-reader-text\"> minutos<\/span><\/span> <span class=\"wprm-recipe-details-unit wprm-recipe-details-minutes wprm-recipe-prep_time-unit wprm-recipe-prep_timeunit-minutes\" aria-hidden=\"true\">min<\/span><\/span><\/div><div class=\"wprm-recipe-block-container wprm-recipe-block-container-inline wprm-block-text-normal wprm-recipe-time-container wprm-recipe-cook-time-container\" style=\"\"><span class=\"wprm-recipe-details-label wprm-block-text-bold wprm-recipe-time-label wprm-recipe-cook-time-label\">Tiempo de cocci\u00f3n <\/span><span class=\"wprm-recipe-time wprm-block-text-normal\"><span class=\"wprm-recipe-details wprm-recipe-details-minutes wprm-recipe-cook_time wprm-recipe-cook_time-minutes\">10<span class=\"sr-only screen-reader-text wprm-screen-reader-text\"> minutos<\/span><\/span> <span class=\"wprm-recipe-details-unit wprm-recipe-details-minutes wprm-recipe-cook_time-unit wprm-recipe-cook_timeunit-minutes\" aria-hidden=\"true\">min<\/span><\/span><\/div><div class=\"wprm-recipe-block-container wprm-recipe-block-container-inline wprm-block-text-normal wprm-recipe-time-container wprm-recipe-total-time-container\" style=\"\"><span class=\"wprm-recipe-details-label wprm-block-text-bold wprm-recipe-time-label wprm-recipe-total-time-label\">Tiempo total <\/span><span class=\"wprm-recipe-time wprm-block-text-normal\"><span class=\"wprm-recipe-details wprm-recipe-details-minutes wprm-recipe-total_time wprm-recipe-total_time-minutes\">20<span class=\"sr-only screen-reader-text wprm-screen-reader-text\"> minutos<\/span><\/span> <span class=\"wprm-recipe-details-unit wprm-recipe-details-minutes wprm-recipe-total_time-unit wprm-recipe-total_timeunit-minutes\" aria-hidden=\"true\">min<\/span><\/span><\/div><\/div>\n    <\/div>\n    \n    <div class=\"wprm-ts-equipment-ingredients\">\n        <div id=\"recipe-6009-equipment\" class=\"wprm-recipe-equipment-container wprm-block-text-normal\" data-recipe=\"6009\"><h3 class=\"wprm-recipe-header wprm-recipe-equipment-header wprm-block-text-bold wprm-align-left wprm-header-decoration-none\" style=\"\">Equipo<\/h3><ul class=\"wprm-recipe-equipment wprm-recipe-equipment-list\"><li class=\"wprm-recipe-equipment-item\" style=\"list-style-type: disc;\"><div class=\"wprm-recipe-equipment-name\">Food Processor<\/div><\/li><li class=\"wprm-recipe-equipment-item\" style=\"list-style-type: disc;\"><div class=\"wprm-recipe-equipment-name\">Sauce Pan<\/div><\/li><li class=\"wprm-recipe-equipment-item\" style=\"list-style-type: disc;\"><div class=\"wprm-recipe-equipment-name\">Chef&#039;s Knife<\/div><\/li><li class=\"wprm-recipe-equipment-item\" style=\"list-style-type: disc;\"><div class=\"wprm-recipe-equipment-name\">Cutting board<\/div><\/li><li class=\"wprm-recipe-equipment-item\" style=\"list-style-type: disc;\"><div class=\"wprm-recipe-equipment-name\">Zester<\/div><\/li><li class=\"wprm-recipe-equipment-item\" style=\"list-style-type: disc;\"><div class=\"wprm-recipe-equipment-name\">Citrus Juicer<\/div><\/li><li class=\"wprm-recipe-equipment-item\" style=\"list-style-type: disc;\"><div class=\"wprm-recipe-equipment-name\">Mixing spoon<\/div><\/li><\/ul><\/div>\n        <div id=\"recipe-6009-ingredients\" class=\"wprm-recipe-ingredients-container wprm-recipe-6009-ingredients-container wprm-block-text-normal wprm-ingredient-style-regular wprm-recipe-images-before\" data-recipe=\"6009\" data-servings=\"8\"><h3 class=\"wprm-recipe-header wprm-recipe-ingredients-header wprm-block-text-bold wprm-align-left wprm-header-decoration-none\" style=\"\">Ingredientes<\/h3><div class=\"wprm-recipe-ingredient-group\"><ul class=\"wprm-recipe-ingredients\"><li class=\"wprm-recipe-ingredient\" style=\"list-style-type: disc;\" data-uid=\"0\"><span class=\"wprm-recipe-ingredient-amount\">15<\/span>&#32;<span class=\"wprm-recipe-ingredient-unit\">oz<\/span>&#32;<span class=\"wprm-recipe-ingredient-name\">black beans<\/span><\/li><li class=\"wprm-recipe-ingredient\" style=\"list-style-type: disc;\" data-uid=\"1\"><span class=\"wprm-recipe-ingredient-amount\">2<\/span>&#32;<span class=\"wprm-recipe-ingredient-unit\">tbsp<\/span>&#32;<span class=\"wprm-recipe-ingredient-name\">bean liquid<\/span><\/li><li class=\"wprm-recipe-ingredient\" style=\"list-style-type: disc;\" data-uid=\"6\"><span class=\"wprm-recipe-ingredient-amount\">1<\/span>&#32;<span class=\"wprm-recipe-ingredient-unit\">tsp<\/span>&#32;<span class=\"wprm-recipe-ingredient-name\">Domestic Gourmet Organic Adobo<\/span><\/li><li class=\"wprm-recipe-ingredient\" style=\"list-style-type: disc;\" data-uid=\"5\"><span class=\"wprm-recipe-ingredient-amount\">3<\/span>&#32;<span class=\"wprm-recipe-ingredient-unit\">tbsp<\/span>&#32;<span class=\"wprm-recipe-ingredient-name\">Domestic Gourmet Organic Annatto Oil &#8211; Aceite de Achiote<\/span><\/li><li class=\"wprm-recipe-ingredient\" style=\"list-style-type: disc;\" data-uid=\"2\"><span class=\"wprm-recipe-ingredient-amount\">\u00bc<\/span>&#32;<span class=\"wprm-recipe-ingredient-name\">Spanish onion<\/span>&#32;<span class=\"wprm-recipe-ingredient-notes wprm-recipe-ingredient-notes-faded\">sliced<\/span><\/li><li class=\"wprm-recipe-ingredient\" style=\"list-style-type: disc;\" data-uid=\"3\"><span class=\"wprm-recipe-ingredient-amount\">2<\/span>&#32;<span class=\"wprm-recipe-ingredient-name\">garlic cloves<\/span>&#32;<span class=\"wprm-recipe-ingredient-notes wprm-recipe-ingredient-notes-faded\">minced<\/span><\/li><li class=\"wprm-recipe-ingredient\" style=\"list-style-type: disc;\" data-uid=\"4\"><span class=\"wprm-recipe-ingredient-amount\">1<\/span>&#32;<span class=\"wprm-recipe-ingredient-name\">lime<\/span>&#32;<span class=\"wprm-recipe-ingredient-notes wprm-recipe-ingredient-notes-faded\">juiced and zested<\/span><\/li><\/ul><\/div><\/div>\n    <\/div>\n    \n    <div class=\"wprm-ts-instructions\">\n        <div id=\"recipe-6009-instructions\" class=\"wprm-recipe-instructions-container wprm-recipe-6009-instructions-container wprm-block-text-normal\" data-recipe=\"6009\"><h3 class=\"wprm-recipe-header wprm-recipe-instructions-header wprm-block-text-bold wprm-align-left wprm-header-decoration-none\" style=\"\">Elaboraci\u00f3n paso a paso<\/h3><div class=\"wprm-recipe-instruction-group\"><h4 class=\"wprm-recipe-group-name wprm-recipe-instruction-group-name wprm-block-text-bold\">Make the mojo<\/h4><ul class=\"wprm-recipe-instructions\"><li id=\"wprm-recipe-6009-step-0-0\" class=\"wprm-recipe-instruction\" style=\"list-style-type: decimal;\"><div class=\"wprm-recipe-instruction-text\" style=\"margin-bottom: 20px;\"><span style=\"display: block;\">In a pan, warm the annatto oil over medium heat. Add the onions and saut\u00e9 until tender but not translucent. Stir in minced garlic for 15\u201320 seconds, just until fragrant. Remove from heat, then add the lime juice and zest. Set aside to cool slightly.<\/span><\/div><\/li><\/ul><\/div><div class=\"wprm-recipe-instruction-group\"><h4 class=\"wprm-recipe-group-name wprm-recipe-instruction-group-name wprm-block-text-bold\">Make the hummus<\/h4><ul class=\"wprm-recipe-instructions\"><li id=\"wprm-recipe-6009-step-1-0\" class=\"wprm-recipe-instruction\" style=\"list-style-type: decimal;\"><div class=\"wprm-recipe-instruction-text\" style=\"margin-bottom: 20px;\"><span style=\"display: block;\">In a food processor, combine the black beans, bean liquid, adobo, and prepared mojo. Blend until smooth, scraping down the sides with a spatula as needed.<\/span><\/div><\/li><li id=\"wprm-recipe-6009-step-1-1\" class=\"wprm-recipe-instruction\" style=\"list-style-type: decimal;\"><div class=\"wprm-recipe-instruction-text\" style=\"margin-bottom: 20px;\"><span style=\"display: block;\">Taste and adjust for salt and acidity by adding more adobo or lime juice. The goal is balance\u2014earthy beans, bright lime, and garlicky depth.<\/span><\/div><\/li><\/ul><\/div><div class=\"wprm-recipe-instruction-group\"><h4 class=\"wprm-recipe-group-name wprm-recipe-instruction-group-name wprm-block-text-bold\">Serving Suggestions:<\/h4><ul class=\"wprm-recipe-instructions\"><li id=\"wprm-recipe-6009-step-2-0\" class=\"wprm-recipe-instruction\" style=\"list-style-type: decimal;\"><div class=\"wprm-recipe-instruction-text\" style=\"margin-bottom: 20px;\"><span style=\"display: block;\">Sprinkle diced raw onions and fresh lime zest on top for added texture and flavor.<\/span><\/div><\/li><li id=\"wprm-recipe-6009-step-2-1\" class=\"wprm-recipe-instruction\" style=\"list-style-type: decimal;\"><div class=\"wprm-recipe-instruction-text\" style=\"margin-bottom: 20px;\"><span style=\"display: block;\">Create a well in the hummus and fill it with Domestic Gourmet Organic Annatto Oil for additional depth and a luxurious mouthfeel.<\/span><\/div><\/li><li id=\"wprm-recipe-6009-step-2-2\" class=\"wprm-recipe-instruction\" style=\"list-style-type: decimal;\"><div class=\"wprm-recipe-instruction-text\" style=\"margin-bottom: 20px;\"><span style=\"display: block;\">Serve in a large bowl surrounded by green and yellow plantain chips or yuca crisps.<\/span><\/div><\/li><li id=\"wprm-recipe-6009-step-2-3\" class=\"wprm-recipe-instruction\" style=\"list-style-type: decimal;\"><div class=\"wprm-recipe-instruction-text\" style=\"margin-bottom: 20px;\"><span style=\"display: block;\">Spread on crostini and top with avocado, pickled red onions, and cilantro.<\/span><\/div><\/li><li id=\"wprm-recipe-6009-step-2-4\" class=\"wprm-recipe-instruction\" style=\"list-style-type: decimal;\"><div class=\"wprm-recipe-instruction-text\" style=\"margin-bottom: 20px;\"><span style=\"display: block;\">Use as a flavorful spread in wraps or sandwiches.<\/span><\/div><\/li><li id=\"wprm-recipe-6009-step-2-5\" class=\"wprm-recipe-instruction\" style=\"list-style-type: decimal;\"><div class=\"wprm-recipe-instruction-text\" style=\"margin-bottom: 20px;\"><span style=\"display: block;\">Add a scoop over rice or quinoa bowls for plant-based protein and a flavor boost.<\/span><\/div><\/li><\/ul><\/div><\/div>\n        <div id=\"recipe-video\"><\/div>\n    <\/div>\n    \n    <div id=\"recipe-6009-notes\" class=\"wprm-recipe-notes-container wprm-block-text-normal\"><h3 class=\"wprm-recipe-header wprm-recipe-notes-header wprm-block-text-bold wprm-align-left wprm-header-decoration-none\" style=\"\">Notas<\/h3><div class=\"wprm-recipe-notes\"><span style=\"display: block;\"><strong>Notes on including your child(ren):\u00a0<\/strong><\/span><div class=\"wprm-spacer\"><\/div>\n<span style=\"display: block;\">Let your little chef(s) help strain the black beans or smell the fresh lime before juicing. They\u2019ll explore textures, colors, and aromas\u2014<em><strong>building curiosity and vocabulary<\/strong><\/em> around food.<\/span><div class=\"wprm-spacer\"><\/div>\n<span style=\"display: block;\"><em><strong>Strengthen those fine motor skills and science knowledge<\/strong> <\/em>by allowing your chef(s) to measure the <a href=\"https:\/\/www.domesticgourmet.com\/product\/domestic-gourmet-organic-adobo\/\"><strong data-start=\"704\" data-end=\"738\">Domestic Gourmet Organic Adobo<\/strong><\/a> and <a href=\"https:\/\/www.domesticgourmet.com\/product\/organic-annatto-oil\/\"><strong data-start=\"743\" data-end=\"758\">Annatto Oil<\/strong><\/a>, squeeze lime juice, or help scoop the hummus into small cups. These tasks <em><strong>strengthen coordination<\/strong> <strong>and early math skills<\/strong> <strong>while introducing simple science concepts<\/strong><\/em>, such as how oil conducts heat or how lime juice adds acidity.<\/span><div class=\"wprm-spacer\"><\/div>\n<span style=\"display: block;\">Your older chef(s) can saut\u00e9 onions under supervision and learn about the <a href=\"https:\/\/www.masterclass.com\/articles\/maillard-reaction-explained\">Maillard reaction<\/a>\u2014the science of flavor development. They\u2019ll also practice following multi-step instructions and balancing flavors through tasting and adjusting.<\/span><div class=\"wprm-spacer\"><\/div>\n<span data-start=\"1265\" data-end=\"1282\" style=\"display: block;\"><strong data-start=\"1265\" data-end=\"1280\">Benefits<\/strong><\/span><div class=\"wprm-spacer\"><\/div>\n<ul data-start=\"1283\" data-end=\"1495\">\n<li data-start=\"1283\" data-end=\"1341\">\n<span data-start=\"1285\" data-end=\"1341\" style=\"display: block;\">Encourages healthy eating through plant-based proteins<\/span><div class=\"wprm-spacer\"><\/div>\n<\/li>\n<li data-start=\"1342\" data-end=\"1392\">\n<span data-start=\"1344\" data-end=\"1392\" style=\"display: block;\">Strengthens motor skills and sensory awareness<\/span><div class=\"wprm-spacer\"><\/div>\n<\/li>\n<li data-start=\"1393\" data-end=\"1444\">\n<span data-start=\"1395\" data-end=\"1444\" style=\"display: block;\">Builds confidence and connection in the kitchen<\/span><div class=\"wprm-spacer\"><\/div>\n<\/li>\n<li data-start=\"1445\" data-end=\"1495\">\n<span data-start=\"1447\" data-end=\"1495\" style=\"display: block;\">Promotes cultural appreciation through cooking<\/span><div class=\"wprm-spacer\"><\/div>\n<\/li>\n<\/ul>\n<span data-start=\"1497\" data-end=\"1587\" style=\"display: block;\">Cooking together transforms the kitchen into a classroom\u2014and every recipe into a memory.<\/span><div class=\"wprm-spacer\"><\/div>\n<span data-start=\"975\" data-end=\"1263\" style=\"display: block;\">\u00a0<\/span><\/div><\/div>\n    \n    <div class=\"wprm-ts-meta\">\n        \n        <div class=\"wprm-recipe-block-container wprm-recipe-block-container-inline wprm-block-text-normal wprm-recipe-nutrition-container wprm-recipe-calories-container\" style=\"\"><span class=\"wprm-recipe-icon wprm-recipe-nutrition-icon wprm-recipe-calories-icon\"><svg xmlns=\"http:\/\/www.w3.org\/2000\/svg\" xmlns:xlink=\"http:\/\/www.w3.org\/1999\/xlink\" x=\"0px\" y=\"0px\" width=\"16px\" height=\"16px\" viewBox=\"0 0 24 24\"><g ><rect data-color=\"color-2\" x=\"21\" y=\"8\" fill=\"#333333\" width=\"3\" height=\"8\"\/><path fill=\"#333333\" d=\"M18,5H1C0.448,5,0,5.447,0,6v12c0,0.553,0.448,1,1,1h17c0.552,0,1-0.447,1-1V6C19,5.447,18.552,5,18,5z M11,12v4l-7-5l5,1V8l6,5L11,12z\"\/><\/g><\/svg><\/span> <span class=\"wprm-recipe-details-label wprm-block-text-bold wprm-recipe-nutrition-label wprm-recipe-calories-label\">Calories: <\/span><span class=\"wprm-recipe-nutrition-with-unit\"><span class=\"wprm-recipe-details wprm-recipe-nutrition wprm-recipe-calories wprm-block-text-normal\">126<\/span><span class=\"wprm-recipe-details-unit wprm-recipe-nutrition-unit wprm-recipe-calories-unit wprm-block-text-normal\">kcal<\/span><\/span><\/div>\n        \n        <div class=\"wprm-recipe-meta-container wprm-recipe-tags-container wprm-recipe-details-container wprm-recipe-details-container-inline wprm-block-text-normal\"><div class=\"wprm-recipe-block-container wprm-recipe-block-container-inline wprm-block-text-normal wprm-recipe-tag-container wprm-recipe-course-container\" style=\"\"><span class=\"wprm-recipe-icon wprm-recipe-tag-icon wprm-recipe-course-icon\"><svg xmlns=\"http:\/\/www.w3.org\/2000\/svg\" xmlns:xlink=\"http:\/\/www.w3.org\/1999\/xlink\" x=\"0px\" y=\"0px\" width=\"16px\" height=\"16px\" viewBox=\"0 0 24 24\"><g ><path fill=\"#333333\" d=\"M22.707,12.293l-11-11C11.52,1.106,11.265,1,11,1H2C1.448,1,1,1.448,1,2v9c0,0.265,0.105,0.52,0.293,0.707l11,11C12.488,22.903,12.744,23,13,23s0.512-0.098,0.707-0.293l9-9C23.098,13.317,23.098,12.684,22.707,12.293z M7,9C5.895,9,5,8.105,5,7c0-1.105,0.895-2,2-2s2,0.895,2,2C9,8.105,8.105,9,7,9z M13,17.414L8.586,13L10,11.586L14.414,16L13,17.414z M16,14.414L11.586,10L13,8.586L17.414,13L16,14.414z\"\/><\/g><\/svg><\/span> <span class=\"wprm-recipe-details-label wprm-block-text-bold wprm-recipe-tag-label wprm-recipe-course-label\">Plato: <\/span><span class=\"wprm-recipe-course wprm-block-text-normal\">Appetizer, brunch, Condiment, Side Dish, Snack<\/span><\/div><div class=\"wprm-recipe-block-container wprm-recipe-block-container-inline wprm-block-text-normal wprm-recipe-tag-container wprm-recipe-cuisine-container\" style=\"\"><span class=\"wprm-recipe-icon wprm-recipe-tag-icon wprm-recipe-cuisine-icon\"><svg xmlns=\"http:\/\/www.w3.org\/2000\/svg\" xmlns:xlink=\"http:\/\/www.w3.org\/1999\/xlink\" x=\"0px\" y=\"0px\" width=\"16px\" height=\"16px\" viewBox=\"0 0 24 24\"><g ><path fill=\"#333333\" d=\"M22.707,12.293l-11-11C11.52,1.106,11.265,1,11,1H2C1.448,1,1,1.448,1,2v9c0,0.265,0.105,0.52,0.293,0.707l11,11C12.488,22.903,12.744,23,13,23s0.512-0.098,0.707-0.293l9-9C23.098,13.317,23.098,12.684,22.707,12.293z M7,9C5.895,9,5,8.105,5,7c0-1.105,0.895-2,2-2s2,0.895,2,2C9,8.105,8.105,9,7,9z M13,17.414L8.586,13L10,11.586L14.414,16L13,17.414z M16,14.414L11.586,10L13,8.586L17.414,13L16,14.414z\"\/><\/g><\/svg><\/span> <span class=\"wprm-recipe-details-label wprm-block-text-bold wprm-recipe-tag-label wprm-recipe-cuisine-label\">Cocina: <\/span><span class=\"wprm-recipe-cuisine wprm-block-text-normal\">Cuban, Cuban Fusion, Mediterranean<\/span><\/div><div class=\"wprm-recipe-block-container wprm-recipe-block-container-inline wprm-block-text-normal wprm-recipe-tag-container wprm-recipe-keyword-container\" style=\"\"><span class=\"wprm-recipe-icon wprm-recipe-tag-icon wprm-recipe-keyword-icon\"><svg xmlns=\"http:\/\/www.w3.org\/2000\/svg\" xmlns:xlink=\"http:\/\/www.w3.org\/1999\/xlink\" x=\"0px\" y=\"0px\" width=\"16px\" height=\"16px\" viewBox=\"0 0 24 24\"><g ><path fill=\"#333333\" d=\"M22.707,12.293l-11-11C11.52,1.106,11.265,1,11,1H2C1.448,1,1,1.448,1,2v9c0,0.265,0.105,0.52,0.293,0.707l11,11C12.488,22.903,12.744,23,13,23s0.512-0.098,0.707-0.293l9-9C23.098,13.317,23.098,12.684,22.707,12.293z M7,9C5.895,9,5,8.105,5,7c0-1.105,0.895-2,2-2s2,0.895,2,2C9,8.105,8.105,9,7,9z M13,17.414L8.586,13L10,11.586L14.414,16L13,17.414z M16,14.414L11.586,10L13,8.586L17.414,13L16,14.414z\"\/><\/g><\/svg><\/span> <span class=\"wprm-recipe-details-label wprm-block-text-bold wprm-recipe-tag-label wprm-recipe-keyword-label\">Palabra clave: <\/span><span class=\"wprm-recipe-keyword wprm-block-text-normal\">aceite de achiote, adobo, annatto oil, Black Bean Hummus, black beans, mojo black beans, organic adobo, organic annatto oil<\/span><\/div><\/div>\n    <\/div>\n    \n    \n<\/div><\/div><\/div>\n<p><br\/><strong>\u00bfHas hecho esta receta?<\/strong><\/p>\n\n<p>Por favor, \u00a1hazme saber c\u00f3mo te ha quedado! Deja un comentario a continuaci\u00f3n, etiqueta a @domesticgourmetfoods en <a href=\"https:\/\/www.instagram.com\/domesticgourmet\/\" target=\"_blank\" rel=\"noreferrer noopener\">Instagram<\/a> y usa el hashtag <a href=\"https:\/\/www.instagram.com\/explore\/tags\/domesticgourmet\/\" target=\"_blank\" rel=\"noreferrer noopener\">#cookwithdomesticgourmet<\/a>.<\/p>\n\n<div data-wp-context=\"{&quot;notices&quot;:[],&quot;hideNextPreviousButtons&quot;:false,&quot;isDisabledPrevious&quot;:true,&quot;isDisabledNext&quot;:false,&quot;ariaLabelPrevious&quot;:&quot;Productos anteriores&quot;,&quot;ariaLabelNext&quot;:&quot;Productos siguientes&quot;,&quot;collection&quot;:&quot;woocommerce\\\/product-collection\\\/best-sellers&quot;}\" data-wp-init=\"callbacks.onRender\" data-wp-interactive=\"woocommerce\/product-collection\" data-wp-router-region=\"wc-product-collection-0\" data-__private-preview-state=\"{&quot;isPreview&quot;:false,&quot;previewMessage&quot;:&quot;Actual products will vary depending on the page being viewed.&quot;}\" data-block-name=\"woocommerce\/product-collection\" data-collection=\"woocommerce\/product-collection\/best-sellers\" data-dimensions=\"{&quot;widthType&quot;:&quot;fill&quot;}\" data-display-layout=\"{&quot;type&quot;:&quot;flex&quot;,&quot;columns&quot;:5,&quot;shrinkColumns&quot;:true}\" data-hide-controls=\"[&quot;inherit&quot;,&quot;order&quot;,&quot;filterable&quot;]\" data-query-context-includes=\"[&quot;collection&quot;]\" data-query-id=\"0\" data-query=\"{&quot;perPage&quot;:8,&quot;pages&quot;:1,&quot;offset&quot;:0,&quot;postType&quot;:&quot;product&quot;,&quot;order&quot;:&quot;desc&quot;,&quot;orderBy&quot;:&quot;popularity&quot;,&quot;search&quot;:&quot;&quot;,&quot;exclude&quot;:[],&quot;inherit&quot;:false,&quot;taxQuery&quot;:[],&quot;isProductCollectionBlock&quot;:true,&quot;featured&quot;:false,&quot;woocommerceOnSale&quot;:false,&quot;woocommerceStockStatus&quot;:[&quot;instock&quot;,&quot;outofstock&quot;,&quot;onbackorder&quot;],&quot;woocommerceAttributes&quot;:[],&quot;woocommerceHandPickedProducts&quot;:[],&quot;filterable&quot;:false,&quot;relatedBy&quot;:{&quot;categories&quot;:true,&quot;tags&quot;:true}}\" data-tag-name=\"div\" class=\"wp-block-woocommerce-product-collection is-layout-flow wp-block-woocommerce-product-collection-is-layout-flow\">\t\t<div data-wp-interactive=\"woocommerce\/store-notices\" class=\"wc-block-components-notices alignwide\">\n\t\t\t<template data-wp-each--notice=\"state.notices\" data-wp-each-key=\"context.notice.id\">\n\t\t\t\t<div\n\t\t\t\t\tclass=\"wc-block-components-notice-banner\"\n\t\t\t\t\tdata-wp-init=\"callbacks.scrollIntoView\"\n\t\t\t\t\tdata-wp-class--is-error=\"state.isError\"\n\t\t\t\t\tdata-wp-class--is-success=\"state.isSuccess\"\n\t\t\t\t\tdata-wp-class--is-info=\"state.isInfo\"\n\t\t\t\t\tdata-wp-class--is-dismissible=\"context.notice.dismissible\"\n\t\t\t\t\tdata-wp-bind--role=\"state.role\"\n\t\t\t\t\tdata-wp-watch=\"callbacks.injectIcon\"\n\t\t\t\t>\n\t\t\t\t\t<div class=\"wc-block-components-notice-banner__content\">\n\t\t\t\t\t\t<span data-wp-init=\"callbacks.renderNoticeContent\" aria-live=\"assertive\" aria-atomic=\"true\"><\/span>\n\t\t\t\t\t<\/div>\n\t\t\t\t\t<button\n\t\t\t\t\t\tdata-wp-bind--hidden=\"!context.notice.dismissible\"\n\t\t\t\t\t\tclass=\"wc-block-components-button wp-element-button wc-block-components-notice-banner__dismiss contained\"\n\t\t\t\t\t\taria-label=\"Descartar este aviso\"\n\t\t\t\t\t\tdata-wp-on--click=\"actions.removeNotice\"\n\t\t\t\t\t>\n\t\t\t\t\t\t<svg xmlns=\"http:\/\/www.w3.org\/2000\/svg\" viewBox=\"0 0 24 24\">\n\t\t\t\t\t\t\t<path d=\"M13 11.8l6.1-6.3-1-1-6.1 6.2-6.1-6.2-1 1 6.1 6.3-6.5 6.7 1 1 6.5-6.6 6.5 6.6 1-1z\" \/>\n\t\t\t\t\t\t<\/svg>\n\t\t\t\t\t<\/button>\n\t\t\t\t<\/div>\n\t\t\t<\/template>\n\t\t<\/div>\n\t\t\n<h2 class=\"wp-block-heading has-text-align-center\" style=\"margin-bottom:1rem\">Productos m\u00e1s vendidos<\/h2>\n\n\n<ul data-block-name=\"woocommerce\/product-template\" class=\"wc-block-product-template__responsive columns-5 wc-block-product-template wp-block-woocommerce-product-template is-layout-flow wp-block-woocommerce-product-template-is-layout-flow\" data-wp-on--scroll=\"actions.watchScroll\" data-wp-init=\"callbacks.initResizeObserver\"><li class=\"wc-block-product post-4566 product type-product status-publish has-post-thumbnail product_cat-aceites first instock taxable shipping-taxable purchasable product-type-simple\"\n\t\t\t\t\t\n\t\t\t\tdata-wp-interactive=\"woocommerce\/product-collection\"\n\t\t\t\tdata-wp-context='{\"productId\":4566}'\n\t\t\t\tdata-wp-key=\"product-item-4566\"\n\t\t\t\n\t\t\t\t>\n\t\t\t\t\t\n<div data-block-name=\"woocommerce\/product-image\" data-image-sizing=\"thumbnail\" data-is-descendent-of-query-loop=\"true\" data-show-sale-badge=\"false\" class=\"wc-block-components-product-image wc-block-grid__product-image wc-block-components-product-image--aspect-ratio-auto wp-block-woocommerce-product-image\"><a href=\"https:\/\/www.domesticgourmet.com\/es\/product\/aceite-de-achiote-ecologico\/\" style=\"\" data-wp-on--click=\"woocommerce\/product-collection::actions.viewProduct\"><img decoding=\"async\" width=\"300\" height=\"300\" src=\"https:\/\/www.domesticgourmet.com\/wp-content\/smush-webp\/2024\/09\/IMG_5719-300x300.jpeg.webp\" class=\"attachment-woocommerce_thumbnail size-woocommerce_thumbnail\" alt=\"Domestic Gourmet Aceite de Achiote Ecol\u00f3gico - Etiqueta Aceite de Achiote\" data-testid=\"product-image\" data-image-id=\"3820\" style=\"object-fit:cover;\" loading=\"lazy\" srcset=\"https:\/\/www.domesticgourmet.com\/wp-content\/smush-webp\/2024\/09\/IMG_5719-300x300.jpeg.webp 300w, https:\/\/www.domesticgourmet.com\/wp-content\/smush-webp\/2024\/09\/IMG_5719-150x150.jpeg.webp 150w, https:\/\/www.domesticgourmet.com\/wp-content\/smush-webp\/2024\/09\/IMG_5719-500x500.jpeg.webp 500w, https:\/\/www.domesticgourmet.com\/wp-content\/smush-webp\/2024\/09\/IMG_5719-600x600.jpeg.webp 600w, https:\/\/www.domesticgourmet.com\/wp-content\/smush-webp\/2024\/09\/IMG_5719-100x100.jpeg.webp 100w\" sizes=\"auto, (max-width: 300px) 100vw, 300px\" \/><div class=\"wc-block-components-product-image__inner-container\">\n\n<\/div><\/a><\/div>\n\n<h2 style=\"line-height:1.4; margin-bottom:0.75rem;margin-top:0;\" class=\"has-text-align-center wp-block-post-title has-medium-font-size\"><a data-wp-on--click=\"woocommerce\/product-collection::actions.viewProduct\" href=\"https:\/\/www.domesticgourmet.com\/es\/product\/aceite-de-achiote-ecologico\/\" target=\"_self\" >Aceite de Achiote Ecol\u00f3gico &#8211; Aceite de Achiote<\/a><\/h2>\n\n<div data-block-name=\"woocommerce\/product-price\" data-font-size=\"small\" data-is-descendent-of-query-loop=\"true\" data-text-align=\"center\" class=\"has-font-size has-small-font-size has-text-align-center wp-block-woocommerce-product-price has-small-font-size\" ><div class=\"wc-block-components-product-price wc-block-grid__product-price\" >\n\t\t\t\t\t<span class=\"woocommerce-Price-amount amount\"><bdi><span class=\"woocommerce-Price-currencySymbol\">&#36;<\/span>29.95<\/bdi><\/span>\n\t\t\t\t<\/div><\/div>\n\n<div data-block-name=\"woocommerce\/product-button\" data-font-size=\"small\" data-is-descendent-of-query-loop=\"true\" data-text-align=\"center\" class=\"wp-block-button wc-block-components-product-button   align-center wp-block-woocommerce-product-button has-small-font-size\"\n\t\t\t\t\t\n\t\t\t\t\tdata-wp-context='{\"quantityToAdd\":1,\"productId\":4566,\"productType\":\"simple\",\"addToCartText\":\"A\\u00f1adir al carrito\",\"tempQuantity\":0,\"animationStatus\":\"IDLE\",\"inTheCartText\":\"### en el carrito\",\"noticeId\":\"\",\"hasPressedButton\":false}'\n\t\t\t\t>\n\t\t\t\t\t<a\n\t\t\t\t\t\tclass=\"wp-block-button__link wp-element-button wc-block-components-product-button__button add_to_cart_button product_type_simple has-font-size has-small-font-size has-text-align-center wc-interactive\"\n\t\t\t\t\t\tstyle=\"\"\n\t\t\t\t\t\thref=\"\/es\/wp-json\/wp\/v2\/posts\/6050?add-to-cart=4566\" rel=\"nofollow\" data-product_id=\"4566\" data-product_sku=\"0860012364503\" aria-label=\"A\u00f1adir al carrito: &ldquo;Aceite de Achiote Ecol\u00f3gico - Aceite de Achiote&rdquo;\"\n\t\t\t\t\t\tdata-wp-on--click=\"woocommerce\/product-collection::actions.viewProduct\"\n\t\t\t\t\t>\n\t\t\t\t\t<span >A\u00f1adir al carrito<\/span>\n\t\t\t\t\t<\/a>\n\t\t\t\t\t\n\t\t\t\t<\/div>\n\n\t\t\t\t<\/li><li class=\"wc-block-product post-5937 product type-product status-publish has-post-thumbnail product_cat-especias  instock taxable shipping-taxable purchasable product-type-simple\"\n\t\t\t\t\t\n\t\t\t\tdata-wp-interactive=\"woocommerce\/product-collection\"\n\t\t\t\tdata-wp-context='{\"productId\":5937}'\n\t\t\t\tdata-wp-key=\"product-item-5937\"\n\t\t\t\n\t\t\t\t>\n\t\t\t\t\t\n<div data-block-name=\"woocommerce\/product-image\" data-image-sizing=\"thumbnail\" data-is-descendent-of-query-loop=\"true\" data-show-sale-badge=\"false\" class=\"wc-block-components-product-image wc-block-grid__product-image wc-block-components-product-image--aspect-ratio-auto wp-block-woocommerce-product-image\"><a href=\"https:\/\/www.domesticgourmet.com\/es\/product\/adobo-ecologico-domestic-gourmet\/\" style=\"\" data-wp-on--click=\"woocommerce\/product-collection::actions.viewProduct\"><img decoding=\"async\" width=\"300\" height=\"300\" src=\"https:\/\/www.domesticgourmet.com\/wp-content\/smush-webp\/2025\/10\/IMG_4829-300x300.jpg.webp\" class=\"attachment-woocommerce_thumbnail size-woocommerce_thumbnail\" alt=\"Adobo org\u00e1nico Domestic Gourmet\" data-testid=\"product-image\" data-image-id=\"6191\" style=\"object-fit:cover;\" loading=\"lazy\" srcset=\"https:\/\/www.domesticgourmet.com\/wp-content\/smush-webp\/2025\/10\/IMG_4829-300x300.jpg.webp 300w, https:\/\/www.domesticgourmet.com\/wp-content\/smush-webp\/2025\/10\/IMG_4829-150x150.jpg.webp 150w, https:\/\/www.domesticgourmet.com\/wp-content\/smush-webp\/2025\/10\/IMG_4829-100x100.jpg.webp 100w\" sizes=\"auto, (max-width: 300px) 100vw, 300px\" \/><div class=\"wc-block-components-product-image__inner-container\">\n\n<\/div><\/a><\/div>\n\n<h2 style=\"line-height:1.4; margin-bottom:0.75rem;margin-top:0;\" class=\"has-text-align-center wp-block-post-title has-medium-font-size\"><a data-wp-on--click=\"woocommerce\/product-collection::actions.viewProduct\" href=\"https:\/\/www.domesticgourmet.com\/es\/product\/adobo-ecologico-domestic-gourmet\/\" target=\"_self\" >Adobo org\u00e1nico Domestic Gourmet<\/a><\/h2>\n\n<div data-block-name=\"woocommerce\/product-price\" data-font-size=\"small\" data-is-descendent-of-query-loop=\"true\" data-text-align=\"center\" class=\"has-font-size has-small-font-size has-text-align-center wp-block-woocommerce-product-price has-small-font-size\" ><div class=\"wc-block-components-product-price wc-block-grid__product-price\" >\n\t\t\t\t\t<span class=\"woocommerce-Price-amount amount\"><bdi><span class=\"woocommerce-Price-currencySymbol\">&#36;<\/span>11.00<\/bdi><\/span>\n\t\t\t\t<\/div><\/div>\n\n<div data-block-name=\"woocommerce\/product-button\" data-font-size=\"small\" data-is-descendent-of-query-loop=\"true\" data-text-align=\"center\" class=\"wp-block-button wc-block-components-product-button   align-center wp-block-woocommerce-product-button has-small-font-size\"\n\t\t\t\t\t\n\t\t\t\t\tdata-wp-context='{\"quantityToAdd\":1,\"productId\":5937,\"productType\":\"simple\",\"addToCartText\":\"A\\u00f1adir al carrito\",\"tempQuantity\":0,\"animationStatus\":\"IDLE\",\"inTheCartText\":\"### en el carrito\",\"noticeId\":\"\",\"hasPressedButton\":false}'\n\t\t\t\t>\n\t\t\t\t\t<a\n\t\t\t\t\t\tclass=\"wp-block-button__link wp-element-button wc-block-components-product-button__button add_to_cart_button product_type_simple has-font-size has-small-font-size has-text-align-center wc-interactive\"\n\t\t\t\t\t\tstyle=\"\"\n\t\t\t\t\t\thref=\"\/es\/wp-json\/wp\/v2\/posts\/6050?add-to-cart=5937\" rel=\"nofollow\" data-product_id=\"5937\" data-product_sku=\"\" aria-label=\"A\u00f1adir al carrito: &ldquo;Adobo org\u00e1nico Domestic Gourmet&rdquo;\"\n\t\t\t\t\t\tdata-wp-on--click=\"woocommerce\/product-collection::actions.viewProduct\"\n\t\t\t\t\t>\n\t\t\t\t\t<span >A\u00f1adir al carrito<\/span>\n\t\t\t\t\t<\/a>\n\t\t\t\t\t\n\t\t\t\t<\/div>\n\n\t\t\t\t<\/li><li class=\"wc-block-product post-5935 product type-product status-publish has-post-thumbnail product_cat-especias  instock taxable shipping-taxable purchasable product-type-simple\"\n\t\t\t\t\t\n\t\t\t\tdata-wp-interactive=\"woocommerce\/product-collection\"\n\t\t\t\tdata-wp-context='{\"productId\":5935}'\n\t\t\t\tdata-wp-key=\"product-item-5935\"\n\t\t\t\n\t\t\t\t>\n\t\t\t\t\t\n<div data-block-name=\"woocommerce\/product-image\" data-image-sizing=\"thumbnail\" data-is-descendent-of-query-loop=\"true\" data-show-sale-badge=\"false\" class=\"wc-block-components-product-image wc-block-grid__product-image wc-block-components-product-image--aspect-ratio-auto wp-block-woocommerce-product-image\"><a href=\"https:\/\/www.domesticgourmet.com\/es\/product\/sazon-ecologico-gourmet-domestico\/\" style=\"\" data-wp-on--click=\"woocommerce\/product-collection::actions.viewProduct\"><img decoding=\"async\" width=\"300\" height=\"300\" src=\"https:\/\/www.domesticgourmet.com\/wp-content\/smush-webp\/2025\/10\/IMG_4911-300x300.png.webp\" class=\"attachment-woocommerce_thumbnail size-woocommerce_thumbnail\" alt=\"Saz\u00f3n Org\u00e1nico Gourmet Dom\u00e9stico\" data-testid=\"product-image\" data-image-id=\"6307\" style=\"object-fit:cover;\" loading=\"lazy\" srcset=\"https:\/\/www.domesticgourmet.com\/wp-content\/smush-webp\/2025\/10\/IMG_4911-300x300.png.webp 300w, https:\/\/www.domesticgourmet.com\/wp-content\/smush-webp\/2025\/10\/IMG_4911-150x150.png.webp 150w, https:\/\/www.domesticgourmet.com\/wp-content\/smush-webp\/2025\/10\/IMG_4911-500x500.png.webp 500w, https:\/\/www.domesticgourmet.com\/wp-content\/smush-webp\/2025\/10\/IMG_4911-600x600.png.webp 600w, https:\/\/www.domesticgourmet.com\/wp-content\/smush-webp\/2025\/10\/IMG_4911-100x100.png.webp 100w\" sizes=\"auto, (max-width: 300px) 100vw, 300px\" \/><div class=\"wc-block-components-product-image__inner-container\">\n\n<\/div><\/a><\/div>\n\n<h2 style=\"line-height:1.4; margin-bottom:0.75rem;margin-top:0;\" class=\"has-text-align-center wp-block-post-title has-medium-font-size\"><a data-wp-on--click=\"woocommerce\/product-collection::actions.viewProduct\" href=\"https:\/\/www.domesticgourmet.com\/es\/product\/sazon-ecologico-gourmet-domestico\/\" target=\"_self\" >Saz\u00f3n Org\u00e1nico Gourmet Dom\u00e9stico<\/a><\/h2>\n\n<div data-block-name=\"woocommerce\/product-price\" data-font-size=\"small\" data-is-descendent-of-query-loop=\"true\" data-text-align=\"center\" class=\"has-font-size has-small-font-size has-text-align-center wp-block-woocommerce-product-price has-small-font-size\" ><div class=\"wc-block-components-product-price wc-block-grid__product-price\" >\n\t\t\t\t\t<span class=\"woocommerce-Price-amount amount\"><bdi><span class=\"woocommerce-Price-currencySymbol\">&#36;<\/span>11.00<\/bdi><\/span>\n\t\t\t\t<\/div><\/div>\n\n<div data-block-name=\"woocommerce\/product-button\" data-font-size=\"small\" data-is-descendent-of-query-loop=\"true\" data-text-align=\"center\" class=\"wp-block-button wc-block-components-product-button   align-center wp-block-woocommerce-product-button has-small-font-size\"\n\t\t\t\t\t\n\t\t\t\t\tdata-wp-context='{\"quantityToAdd\":1,\"productId\":5935,\"productType\":\"simple\",\"addToCartText\":\"A\\u00f1adir al carrito\",\"tempQuantity\":0,\"animationStatus\":\"IDLE\",\"inTheCartText\":\"### en el carrito\",\"noticeId\":\"\",\"hasPressedButton\":false}'\n\t\t\t\t>\n\t\t\t\t\t<a\n\t\t\t\t\t\tclass=\"wp-block-button__link wp-element-button wc-block-components-product-button__button add_to_cart_button product_type_simple has-font-size has-small-font-size has-text-align-center wc-interactive\"\n\t\t\t\t\t\tstyle=\"\"\n\t\t\t\t\t\thref=\"\/es\/wp-json\/wp\/v2\/posts\/6050?add-to-cart=5935\" rel=\"nofollow\" data-product_id=\"5935\" data-product_sku=\"\" aria-label=\"A\u00f1adir al carrito: &ldquo;Saz\u00f3n Org\u00e1nico Gourmet Dom\u00e9stico&rdquo;\"\n\t\t\t\t\t\tdata-wp-on--click=\"woocommerce\/product-collection::actions.viewProduct\"\n\t\t\t\t\t>\n\t\t\t\t\t<span >A\u00f1adir al carrito<\/span>\n\t\t\t\t\t<\/a>\n\t\t\t\t\t\n\t\t\t\t<\/div>\n\n\t\t\t\t<\/li><li class=\"wc-block-product post-5916 product type-product status-publish has-post-thumbnail product_cat-aceites last instock taxable shipping-taxable purchasable product-type-simple\"\n\t\t\t\t\t\n\t\t\t\tdata-wp-interactive=\"woocommerce\/product-collection\"\n\t\t\t\tdata-wp-context='{\"productId\":5916}'\n\t\t\t\tdata-wp-key=\"product-item-5916\"\n\t\t\t\n\t\t\t\t>\n\t\t\t\t\t\n<div data-block-name=\"woocommerce\/product-image\" data-image-sizing=\"thumbnail\" data-is-descendent-of-query-loop=\"true\" data-show-sale-badge=\"false\" class=\"wc-block-components-product-image wc-block-grid__product-image wc-block-components-product-image--aspect-ratio-auto wp-block-woocommerce-product-image\"><a href=\"https:\/\/www.domesticgourmet.com\/es\/product\/tamano-de-la-muestra-aceite-de-achiote\/\" style=\"\" data-wp-on--click=\"woocommerce\/product-collection::actions.viewProduct\"><img decoding=\"async\" width=\"300\" height=\"300\" src=\"https:\/\/www.domesticgourmet.com\/wp-content\/smush-webp\/2025\/09\/img_3497-300x300.jpeg.webp\" class=\"attachment-woocommerce_thumbnail size-woocommerce_thumbnail\" alt=\"Tama\u00f1o de la muestra Aceite de achiote\" data-testid=\"product-image\" data-image-id=\"5878\" style=\"object-fit:cover;\" loading=\"lazy\" srcset=\"https:\/\/www.domesticgourmet.com\/wp-content\/smush-webp\/2025\/09\/img_3497-300x300.jpeg.webp 300w, https:\/\/www.domesticgourmet.com\/wp-content\/smush-webp\/2025\/09\/img_3497-150x150.jpeg.webp 150w, https:\/\/www.domesticgourmet.com\/wp-content\/smush-webp\/2025\/09\/img_3497-500x500.jpeg.webp 500w, https:\/\/www.domesticgourmet.com\/wp-content\/smush-webp\/2025\/09\/img_3497-600x600.jpeg.webp 600w, https:\/\/www.domesticgourmet.com\/wp-content\/smush-webp\/2025\/09\/img_3497-100x100.jpeg.webp 100w\" sizes=\"auto, (max-width: 300px) 100vw, 300px\" \/><div class=\"wc-block-components-product-image__inner-container\">\n\n<\/div><\/a><\/div>\n\n<h2 style=\"line-height:1.4; margin-bottom:0.75rem;margin-top:0;\" class=\"has-text-align-center wp-block-post-title has-medium-font-size\"><a data-wp-on--click=\"woocommerce\/product-collection::actions.viewProduct\" href=\"https:\/\/www.domesticgourmet.com\/es\/product\/tamano-de-la-muestra-aceite-de-achiote\/\" target=\"_self\" >Tama\u00f1o de la muestra Aceite de achiote<\/a><\/h2>\n\n<div data-block-name=\"woocommerce\/product-price\" data-font-size=\"small\" data-is-descendent-of-query-loop=\"true\" data-text-align=\"center\" class=\"has-font-size has-small-font-size has-text-align-center wp-block-woocommerce-product-price has-small-font-size\" ><div class=\"wc-block-components-product-price wc-block-grid__product-price\" >\n\t\t\t\t\t<span class=\"woocommerce-Price-amount amount\"><bdi><span class=\"woocommerce-Price-currencySymbol\">&#36;<\/span>3.50<\/bdi><\/span>\n\t\t\t\t<\/div><\/div>\n\n<div data-block-name=\"woocommerce\/product-button\" data-font-size=\"small\" data-is-descendent-of-query-loop=\"true\" data-text-align=\"center\" class=\"wp-block-button wc-block-components-product-button   align-center wp-block-woocommerce-product-button has-small-font-size\"\n\t\t\t\t\t\n\t\t\t\t\tdata-wp-context='{\"quantityToAdd\":1,\"productId\":5916,\"productType\":\"simple\",\"addToCartText\":\"A\\u00f1adir al carrito\",\"tempQuantity\":0,\"animationStatus\":\"IDLE\",\"inTheCartText\":\"### en el carrito\",\"noticeId\":\"\",\"hasPressedButton\":false}'\n\t\t\t\t>\n\t\t\t\t\t<a\n\t\t\t\t\t\tclass=\"wp-block-button__link wp-element-button wc-block-components-product-button__button add_to_cart_button product_type_simple has-font-size has-small-font-size has-text-align-center wc-interactive\"\n\t\t\t\t\t\tstyle=\"\"\n\t\t\t\t\t\thref=\"\/es\/wp-json\/wp\/v2\/posts\/6050?add-to-cart=5916\" rel=\"nofollow\" data-product_id=\"5916\" data-product_sku=\"\" aria-label=\"A\u00f1adir al carrito: &ldquo;Tama\u00f1o de la muestra Aceite de achiote&rdquo;\"\n\t\t\t\t\t\tdata-wp-on--click=\"woocommerce\/product-collection::actions.viewProduct\"\n\t\t\t\t\t>\n\t\t\t\t\t<span >A\u00f1adir al carrito<\/span>\n\t\t\t\t\t<\/a>\n\t\t\t\t\t\n\t\t\t\t<\/div>\n\n\t\t\t\t<\/li><li class=\"wc-block-product post-6791 product type-product status-publish has-post-thumbnail product_cat-especias first onbackorder taxable shipping-taxable purchasable product-type-simple\"\n\t\t\t\t\t\n\t\t\t\tdata-wp-interactive=\"woocommerce\/product-collection\"\n\t\t\t\tdata-wp-context='{\"productId\":6791}'\n\t\t\t\tdata-wp-key=\"product-item-6791\"\n\t\t\t\n\t\t\t\t>\n\t\t\t\t\t\n<div data-block-name=\"woocommerce\/product-image\" data-image-sizing=\"thumbnail\" data-is-descendent-of-query-loop=\"true\" data-show-sale-badge=\"false\" class=\"wc-block-components-product-image wc-block-grid__product-image wc-block-components-product-image--aspect-ratio-auto wp-block-woocommerce-product-image\"><a href=\"https:\/\/www.domesticgourmet.com\/es\/product\/duo-de-adobo-organico-y-sazon-organico\/\" style=\"\" data-wp-on--click=\"woocommerce\/product-collection::actions.viewProduct\"><img decoding=\"async\" width=\"300\" height=\"300\" src=\"https:\/\/www.domesticgourmet.com\/wp-content\/smush-webp\/2025\/12\/Spice-Duo-300x300.png.webp\" class=\"attachment-woocommerce_thumbnail size-woocommerce_thumbnail\" alt=\"D\u00fao de adobo org\u00e1nico y sazonador org\u00e1nico de Domestic Gourmet\" data-testid=\"product-image\" data-image-id=\"6790\" style=\"object-fit:cover;\" loading=\"lazy\" srcset=\"https:\/\/www.domesticgourmet.com\/wp-content\/smush-webp\/2025\/12\/Spice-Duo-300x300.png.webp 300w, https:\/\/www.domesticgourmet.com\/wp-content\/smush-webp\/2025\/12\/Spice-Duo-150x150.png.webp 150w, https:\/\/www.domesticgourmet.com\/wp-content\/smush-webp\/2025\/12\/Spice-Duo-500x500.png.webp 500w, https:\/\/www.domesticgourmet.com\/wp-content\/smush-webp\/2025\/12\/Spice-Duo-600x600.png.webp 600w, https:\/\/www.domesticgourmet.com\/wp-content\/smush-webp\/2025\/12\/Spice-Duo-100x100.png.webp 100w\" sizes=\"auto, (max-width: 300px) 100vw, 300px\" \/><div class=\"wc-block-components-product-image__inner-container\">\n\n<\/div><\/a><\/div>\n\n<h2 style=\"line-height:1.4; margin-bottom:0.75rem;margin-top:0;\" class=\"has-text-align-center wp-block-post-title has-medium-font-size\"><a data-wp-on--click=\"woocommerce\/product-collection::actions.viewProduct\" href=\"https:\/\/www.domesticgourmet.com\/es\/product\/duo-de-adobo-organico-y-sazon-organico\/\" target=\"_self\" >D\u00fao de Adobo Org\u00e1nico y Saz\u00f3n Org\u00e1nico<\/a><\/h2>\n\n<div data-block-name=\"woocommerce\/product-price\" data-font-size=\"small\" data-is-descendent-of-query-loop=\"true\" data-text-align=\"center\" class=\"has-font-size has-small-font-size has-text-align-center wp-block-woocommerce-product-price has-small-font-size\" ><div class=\"wc-block-components-product-price wc-block-grid__product-price\" >\n\t\t\t\t\t<span class=\"woocommerce-Price-amount amount\"><bdi><span class=\"woocommerce-Price-currencySymbol\">&#36;<\/span>20.00<\/bdi><\/span>\n\t\t\t\t<\/div><\/div>\n\n<div data-block-name=\"woocommerce\/product-button\" data-font-size=\"small\" data-is-descendent-of-query-loop=\"true\" data-text-align=\"center\" class=\"wp-block-button wc-block-components-product-button   align-center wp-block-woocommerce-product-button has-small-font-size\"\n\t\t\t\t\t\n\t\t\t\t\tdata-wp-context='{\"quantityToAdd\":1,\"productId\":6791,\"productType\":\"simple\",\"addToCartText\":\"A\\u00f1adir al carrito\",\"tempQuantity\":0,\"animationStatus\":\"IDLE\",\"inTheCartText\":\"### en el carrito\",\"noticeId\":\"\",\"hasPressedButton\":false}'\n\t\t\t\t>\n\t\t\t\t\t<a\n\t\t\t\t\t\tclass=\"wp-block-button__link wp-element-button wc-block-components-product-button__button add_to_cart_button product_type_simple has-font-size has-small-font-size has-text-align-center wc-interactive\"\n\t\t\t\t\t\tstyle=\"\"\n\t\t\t\t\t\thref=\"\/es\/wp-json\/wp\/v2\/posts\/6050?add-to-cart=6791\" rel=\"nofollow\" data-product_id=\"6791\" data-product_sku=\"\" aria-label=\"A\u00f1adir al carrito: &ldquo;D\u00fao de Adobo Org\u00e1nico y Saz\u00f3n Org\u00e1nico&rdquo;\"\n\t\t\t\t\t\tdata-wp-on--click=\"woocommerce\/product-collection::actions.viewProduct\"\n\t\t\t\t\t>\n\t\t\t\t\t<span >A\u00f1adir al carrito<\/span>\n\t\t\t\t\t<\/a>\n\t\t\t\t\t\n\t\t\t\t<\/div>\n\n\t\t\t\t<\/li><li class=\"wc-block-product post-5925 product type-product status-publish has-post-thumbnail product_cat-bateria-de-cocina  instock taxable shipping-taxable purchasable product-type-simple\"\n\t\t\t\t\t\n\t\t\t\tdata-wp-interactive=\"woocommerce\/product-collection\"\n\t\t\t\tdata-wp-context='{\"productId\":5925}'\n\t\t\t\tdata-wp-key=\"product-item-5925\"\n\t\t\t\n\t\t\t\t>\n\t\t\t\t\t\n<div data-block-name=\"woocommerce\/product-image\" data-image-sizing=\"thumbnail\" data-is-descendent-of-query-loop=\"true\" data-show-sale-badge=\"false\" class=\"wc-block-components-product-image wc-block-grid__product-image wc-block-components-product-image--aspect-ratio-auto wp-block-woocommerce-product-image\"><a href=\"https:\/\/www.domesticgourmet.com\/es\/product\/hilo-para-pasteles-cordel-de-carnicero\/\" style=\"\" data-wp-on--click=\"woocommerce\/product-collection::actions.viewProduct\"><img decoding=\"async\" width=\"300\" height=\"300\" src=\"https:\/\/www.domesticgourmet.com\/wp-content\/smush-webp\/2025\/10\/IMG_4516-300x300.jpg.webp\" class=\"attachment-woocommerce_thumbnail size-woocommerce_thumbnail\" alt=\"Paquete de papel para pasteles y cordel de carnicero de primera calidad de Domestic Gourmet.\" data-testid=\"product-image\" data-image-id=\"6785\" style=\"object-fit:cover;\" loading=\"lazy\" srcset=\"https:\/\/www.domesticgourmet.com\/wp-content\/smush-webp\/2025\/10\/IMG_4516-300x300.jpg.webp 300w, https:\/\/www.domesticgourmet.com\/wp-content\/smush-webp\/2025\/10\/IMG_4516-150x150.jpg.webp 150w, https:\/\/www.domesticgourmet.com\/wp-content\/smush-webp\/2025\/10\/IMG_4516-500x500.jpg.webp 500w, https:\/\/www.domesticgourmet.com\/wp-content\/smush-webp\/2025\/10\/IMG_4516-600x600.jpg.webp 600w, https:\/\/www.domesticgourmet.com\/wp-content\/smush-webp\/2025\/10\/IMG_4516-100x100.jpg.webp 100w\" sizes=\"auto, (max-width: 300px) 100vw, 300px\" \/><div class=\"wc-block-components-product-image__inner-container\">\n\n<\/div><\/a><\/div>\n\n<h2 style=\"line-height:1.4; margin-bottom:0.75rem;margin-top:0;\" class=\"has-text-align-center wp-block-post-title has-medium-font-size\"><a data-wp-on--click=\"woocommerce\/product-collection::actions.viewProduct\" href=\"https:\/\/www.domesticgourmet.com\/es\/product\/hilo-para-pasteles-cordel-de-carnicero\/\" target=\"_self\" >Paquete de papel para pasteles de primera calidad e hilo de carnicero.<\/a><\/h2>\n\n<div data-block-name=\"woocommerce\/product-price\" data-font-size=\"small\" data-is-descendent-of-query-loop=\"true\" data-text-align=\"center\" class=\"has-font-size has-small-font-size has-text-align-center wp-block-woocommerce-product-price has-small-font-size\" ><div class=\"wc-block-components-product-price wc-block-grid__product-price\" >\n\t\t\t\t\t<span class=\"woocommerce-Price-amount amount\"><bdi><span class=\"woocommerce-Price-currencySymbol\">&#36;<\/span>12.49<\/bdi><\/span>\n\t\t\t\t<\/div><\/div>\n\n<div data-block-name=\"woocommerce\/product-button\" data-font-size=\"small\" data-is-descendent-of-query-loop=\"true\" data-text-align=\"center\" class=\"wp-block-button wc-block-components-product-button   align-center wp-block-woocommerce-product-button has-small-font-size\"\n\t\t\t\t\t\n\t\t\t\t\tdata-wp-context='{\"quantityToAdd\":1,\"productId\":5925,\"productType\":\"simple\",\"addToCartText\":\"A\\u00f1adir al carrito\",\"tempQuantity\":0,\"animationStatus\":\"IDLE\",\"inTheCartText\":\"### en el carrito\",\"noticeId\":\"\",\"hasPressedButton\":false}'\n\t\t\t\t>\n\t\t\t\t\t<a\n\t\t\t\t\t\tclass=\"wp-block-button__link wp-element-button wc-block-components-product-button__button add_to_cart_button product_type_simple has-font-size has-small-font-size has-text-align-center wc-interactive\"\n\t\t\t\t\t\tstyle=\"\"\n\t\t\t\t\t\thref=\"\/es\/wp-json\/wp\/v2\/posts\/6050?add-to-cart=5925\" rel=\"nofollow\" data-product_id=\"5925\" data-product_sku=\"\" aria-label=\"A\u00f1adir al carrito: &ldquo;Paquete de papel para pasteles de primera calidad e hilo de carnicero.&rdquo;\"\n\t\t\t\t\t\tdata-wp-on--click=\"woocommerce\/product-collection::actions.viewProduct\"\n\t\t\t\t\t>\n\t\t\t\t\t<span >A\u00f1adir al carrito<\/span>\n\t\t\t\t\t<\/a>\n\t\t\t\t\t\n\t\t\t\t<\/div>\n\n\t\t\t\t<\/li><li class=\"wc-block-product post-5939 product type-product status-publish has-post-thumbnail product_cat-aceites product_cat-especias  instock taxable shipping-taxable purchasable product-type-simple\"\n\t\t\t\t\t\n\t\t\t\tdata-wp-interactive=\"woocommerce\/product-collection\"\n\t\t\t\tdata-wp-context='{\"productId\":5939}'\n\t\t\t\tdata-wp-key=\"product-item-5939\"\n\t\t\t\n\t\t\t\t>\n\t\t\t\t\t\n<div data-block-name=\"woocommerce\/product-image\" data-image-sizing=\"thumbnail\" data-is-descendent-of-query-loop=\"true\" data-show-sale-badge=\"false\" class=\"wc-block-components-product-image wc-block-grid__product-image wc-block-components-product-image--aspect-ratio-auto wp-block-woocommerce-product-image\"><a href=\"https:\/\/www.domesticgourmet.com\/es\/product\/caja-regalo-reina-de-noche-buena\/\" style=\"\" data-wp-on--click=\"woocommerce\/product-collection::actions.viewProduct\"><img decoding=\"async\" width=\"300\" height=\"300\" src=\"https:\/\/www.domesticgourmet.com\/wp-content\/smush-webp\/2025\/10\/Queen-of-Noche-Buena-Pic-300x300.jpg.webp\" class=\"attachment-woocommerce_thumbnail size-woocommerce_thumbnail\" alt=\"La Caja Regalo Reina de Noche Buena contiene Aceite de Achiote Ecol\u00f3gico Domestic Gourmet - Aceite de Achiote, Adobo Ecol\u00f3gico y Saz\u00f3n Ecol\u00f3gico\" data-testid=\"product-image\" data-image-id=\"5998\" style=\"object-fit:cover;\" loading=\"lazy\" srcset=\"https:\/\/www.domesticgourmet.com\/wp-content\/smush-webp\/2025\/10\/Queen-of-Noche-Buena-Pic-300x300.jpg.webp 300w, https:\/\/www.domesticgourmet.com\/wp-content\/smush-webp\/2025\/10\/Queen-of-Noche-Buena-Pic-150x150.jpg.webp 150w, https:\/\/www.domesticgourmet.com\/wp-content\/smush-webp\/2025\/10\/Queen-of-Noche-Buena-Pic-500x500.jpg.webp 500w, https:\/\/www.domesticgourmet.com\/wp-content\/smush-webp\/2025\/10\/Queen-of-Noche-Buena-Pic-600x600.jpg.webp 600w, https:\/\/www.domesticgourmet.com\/wp-content\/smush-webp\/2025\/10\/Queen-of-Noche-Buena-Pic-100x100.jpg.webp 100w\" sizes=\"auto, (max-width: 300px) 100vw, 300px\" \/><div class=\"wc-block-components-product-image__inner-container\">\n\n<\/div><\/a><\/div>\n\n<h2 style=\"line-height:1.4; margin-bottom:0.75rem;margin-top:0;\" class=\"has-text-align-center wp-block-post-title has-medium-font-size\"><a data-wp-on--click=\"woocommerce\/product-collection::actions.viewProduct\" href=\"https:\/\/www.domesticgourmet.com\/es\/product\/caja-regalo-reina-de-noche-buena\/\" target=\"_self\" >Caja regalo Reina de Noche Buena<\/a><\/h2>\n\n<div data-block-name=\"woocommerce\/product-price\" data-font-size=\"small\" data-is-descendent-of-query-loop=\"true\" data-text-align=\"center\" class=\"has-font-size has-small-font-size has-text-align-center wp-block-woocommerce-product-price has-small-font-size\" ><div class=\"wc-block-components-product-price wc-block-grid__product-price\" >\n\t\t\t\t\t<span class=\"woocommerce-Price-amount amount\"><bdi><span class=\"woocommerce-Price-currencySymbol\">&#36;<\/span>50.85<\/bdi><\/span>\n\t\t\t\t<\/div><\/div>\n\n<div data-block-name=\"woocommerce\/product-button\" data-font-size=\"small\" data-is-descendent-of-query-loop=\"true\" data-text-align=\"center\" class=\"wp-block-button wc-block-components-product-button   align-center wp-block-woocommerce-product-button has-small-font-size\"\n\t\t\t\t\t\n\t\t\t\t\tdata-wp-context='{\"quantityToAdd\":1,\"productId\":5939,\"productType\":\"simple\",\"addToCartText\":\"A\\u00f1adir al carrito\",\"tempQuantity\":0,\"animationStatus\":\"IDLE\",\"inTheCartText\":\"### en el carrito\",\"noticeId\":\"\",\"hasPressedButton\":false}'\n\t\t\t\t>\n\t\t\t\t\t<a\n\t\t\t\t\t\tclass=\"wp-block-button__link wp-element-button wc-block-components-product-button__button add_to_cart_button product_type_simple has-font-size has-small-font-size has-text-align-center wc-interactive\"\n\t\t\t\t\t\tstyle=\"\"\n\t\t\t\t\t\thref=\"\/es\/wp-json\/wp\/v2\/posts\/6050?add-to-cart=5939\" rel=\"nofollow\" data-product_id=\"5939\" data-product_sku=\"\" aria-label=\"A\u00f1adir al carrito: &ldquo;Caja regalo Reina de Noche Buena&rdquo;\"\n\t\t\t\t\t\tdata-wp-on--click=\"woocommerce\/product-collection::actions.viewProduct\"\n\t\t\t\t\t>\n\t\t\t\t\t<span >A\u00f1adir al carrito<\/span>\n\t\t\t\t\t<\/a>\n\t\t\t\t\t\n\t\t\t\t<\/div>\n\n\t\t\t\t<\/li><li class=\"wc-block-product post-5921 product type-product status-publish has-post-thumbnail product_cat-bateria-de-cocina last instock taxable shipping-taxable purchasable product-type-simple\"\n\t\t\t\t\t\n\t\t\t\tdata-wp-interactive=\"woocommerce\/product-collection\"\n\t\t\t\tdata-wp-context='{\"productId\":5921}'\n\t\t\t\tdata-wp-key=\"product-item-5921\"\n\t\t\t\n\t\t\t\t>\n\t\t\t\t\t\n<div data-block-name=\"woocommerce\/product-image\" data-image-sizing=\"thumbnail\" data-is-descendent-of-query-loop=\"true\" data-show-sale-badge=\"false\" class=\"wc-block-components-product-image wc-block-grid__product-image wc-block-components-product-image--aspect-ratio-auto wp-block-woocommerce-product-image\"><a href=\"https:\/\/www.domesticgourmet.com\/es\/product\/papel-para-pasteles-papel-para-envolver-pasteles\/\" style=\"\" data-wp-on--click=\"woocommerce\/product-collection::actions.viewProduct\"><img decoding=\"async\" width=\"300\" height=\"300\" src=\"https:\/\/www.domesticgourmet.com\/wp-content\/smush-webp\/2025\/10\/pasteles-paper-300x300.jpg.webp\" class=\"attachment-woocommerce_thumbnail size-woocommerce_thumbnail\" alt=\"Papel para Pasteles - Papel para Pasteles\" data-testid=\"product-image\" data-image-id=\"5918\" style=\"object-fit:cover;\" loading=\"lazy\" srcset=\"https:\/\/www.domesticgourmet.com\/wp-content\/smush-webp\/2025\/10\/pasteles-paper-300x300.jpg.webp 300w, https:\/\/www.domesticgourmet.com\/wp-content\/smush-webp\/2025\/10\/pasteles-paper-150x150.jpg.webp 150w, https:\/\/www.domesticgourmet.com\/wp-content\/smush-webp\/2025\/10\/pasteles-paper-500x500.jpg.webp 500w, https:\/\/www.domesticgourmet.com\/wp-content\/smush-webp\/2025\/10\/pasteles-paper-600x600.jpg.webp 600w, https:\/\/www.domesticgourmet.com\/wp-content\/smush-webp\/2025\/10\/pasteles-paper-100x100.jpg.webp 100w\" sizes=\"auto, (max-width: 300px) 100vw, 300px\" \/><div class=\"wc-block-components-product-image__inner-container\">\n\n<\/div><\/a><\/div>\n\n<h2 style=\"line-height:1.4; margin-bottom:0.75rem;margin-top:0;\" class=\"has-text-align-center wp-block-post-title has-medium-font-size\"><a data-wp-on--click=\"woocommerce\/product-collection::actions.viewProduct\" href=\"https:\/\/www.domesticgourmet.com\/es\/product\/papel-para-pasteles-papel-para-envolver-pasteles\/\" target=\"_self\" >Papel Para Pasteles &#8211; Papel para Envolver Pasteles<\/a><\/h2>\n\n<div data-block-name=\"woocommerce\/product-price\" data-font-size=\"small\" data-is-descendent-of-query-loop=\"true\" data-text-align=\"center\" class=\"has-font-size has-small-font-size has-text-align-center wp-block-woocommerce-product-price has-small-font-size\" ><div class=\"wc-block-components-product-price wc-block-grid__product-price\" >\n\t\t\t\t\t<span class=\"woocommerce-Price-amount amount\"><bdi><span class=\"woocommerce-Price-currencySymbol\">&#36;<\/span>9.49<\/bdi><\/span>\n\t\t\t\t<\/div><\/div>\n\n<div data-block-name=\"woocommerce\/product-button\" data-font-size=\"small\" data-is-descendent-of-query-loop=\"true\" data-text-align=\"center\" class=\"wp-block-button wc-block-components-product-button   align-center wp-block-woocommerce-product-button has-small-font-size\"\n\t\t\t\t\t\n\t\t\t\t\tdata-wp-context='{\"quantityToAdd\":1,\"productId\":5921,\"productType\":\"simple\",\"addToCartText\":\"A\\u00f1adir al carrito\",\"tempQuantity\":0,\"animationStatus\":\"IDLE\",\"inTheCartText\":\"### en el carrito\",\"noticeId\":\"\",\"hasPressedButton\":false}'\n\t\t\t\t>\n\t\t\t\t\t<a\n\t\t\t\t\t\tclass=\"wp-block-button__link wp-element-button wc-block-components-product-button__button add_to_cart_button product_type_simple has-font-size has-small-font-size has-text-align-center wc-interactive\"\n\t\t\t\t\t\tstyle=\"\"\n\t\t\t\t\t\thref=\"\/es\/wp-json\/wp\/v2\/posts\/6050?add-to-cart=5921\" rel=\"nofollow\" data-product_id=\"5921\" data-product_sku=\"\" aria-label=\"A\u00f1adir al carrito: &ldquo;Papel Para Pasteles - Papel para Envolver Pasteles&rdquo;\"\n\t\t\t\t\t\tdata-wp-on--click=\"woocommerce\/product-collection::actions.viewProduct\"\n\t\t\t\t\t>\n\t\t\t\t\t<span >A\u00f1adir al carrito<\/span>\n\t\t\t\t\t<\/a>\n\t\t\t\t\t\n\t\t\t\t<\/div>\n\n\t\t\t\t<\/li><\/ul><\/div>\n","protected":false},"excerpt":{"rendered":"<p>Este Hummus de frijoles negras al mojo es una fusi\u00f3n del mojo cubano (ajo, c\u00edtricos y calor) y la textura cremosa del hummus mediterr\u00e1neo. Es suave, brillante y conmovedor a la vez. Como orgullosa cubano-americana y fundadora de Gourmet Dom\u00e9sticosiempre he cre\u00eddo que la comida cuenta la historia de qui\u00e9nes somos. Para la 37\u00aa Celebraci\u00f3n &#8230;<\/p>\n","protected":false},"author":1,"featured_media":6024,"comment_status":"open","ping_status":"open","sticky":false,"template":"","format":"standard","meta":{"wprm-recipe-roundup-name":"","wprm-recipe-roundup-description":"","loftocean_post_primary_category":0,"loftocean_post_format_gallery":"","loftocean_post_format_gallery_ids":"","loftocean_post_format_gallery_urls":"","loftocean_post_format_video_id":0,"loftocean_post_format_video_url":"","loftocean_post_format_video_type":"","loftocean_post_format_video":"","loftocean_post_format_audio_type":"","loftocean_post_format_audio_url":"","loftocean_post_format_audio_id":0,"loftocean_post_format_audio":"","loftocean-featured-post":"","loftocean-like-count":0,"loftocean-view-count":178,"tinysalt_single_post_intro_label":"","tinysalt_single_post_intro_description":"","tinysalt_hide_post_featured_image":"","tinysalt_post_featured_media_position":"","tinysalt_single_site_header_source":"","tinysalt_single_custom_site_header":"0","tinysalt_single_custom_sticky_site_header":"0","tinysalt_single_custom_sticky_site_header_style":"sticky-scroll-up","tinysalt_single_site_footer_source":"","tinysalt_single_custom_site_footer":"0","footnotes":""},"categories":[1047,1082,1049,1048,990,1193,1042,1084,1083],"tags":[],"class_list":["post-6050","post","type-post","status-publish","format-standard","has-post-thumbnail","hentry","category-appetizers-es","category-condimento","category-cuban-es","category-brunch-es","category-sides-es","category-oriente-medio","category-annatto-oil-recipes-es","category-vegano","category-vegetariano"],"aioseo_notices":[],"_links":{"self":[{"href":"https:\/\/www.domesticgourmet.com\/es\/wp-json\/wp\/v2\/posts\/6050","targetHints":{"allow":["GET"]}}],"collection":[{"href":"https:\/\/www.domesticgourmet.com\/es\/wp-json\/wp\/v2\/posts"}],"about":[{"href":"https:\/\/www.domesticgourmet.com\/es\/wp-json\/wp\/v2\/types\/post"}],"author":[{"embeddable":true,"href":"https:\/\/www.domesticgourmet.com\/es\/wp-json\/wp\/v2\/users\/1"}],"replies":[{"embeddable":true,"href":"https:\/\/www.domesticgourmet.com\/es\/wp-json\/wp\/v2\/comments?post=6050"}],"version-history":[{"count":4,"href":"https:\/\/www.domesticgourmet.com\/es\/wp-json\/wp\/v2\/posts\/6050\/revisions"}],"predecessor-version":[{"id":6449,"href":"https:\/\/www.domesticgourmet.com\/es\/wp-json\/wp\/v2\/posts\/6050\/revisions\/6449"}],"wp:featuredmedia":[{"embeddable":true,"href":"https:\/\/www.domesticgourmet.com\/es\/wp-json\/wp\/v2\/media\/6024"}],"wp:attachment":[{"href":"https:\/\/www.domesticgourmet.com\/es\/wp-json\/wp\/v2\/media?parent=6050"}],"wp:term":[{"taxonomy":"category","embeddable":true,"href":"https:\/\/www.domesticgourmet.com\/es\/wp-json\/wp\/v2\/categories?post=6050"},{"taxonomy":"post_tag","embeddable":true,"href":"https:\/\/www.domesticgourmet.com\/es\/wp-json\/wp\/v2\/tags?post=6050"}],"curies":[{"name":"wp","href":"https:\/\/api.w.org\/{rel}","templated":true}]}}