{"id":5743,"date":"2025-07-26T15:12:57","date_gmt":"2025-07-26T20:12:57","guid":{"rendered":"https:\/\/www.domesticgourmet.com\/pasteles-y-serendipia-en-el-walk-in-talk-show\/"},"modified":"2025-12-26T23:45:41","modified_gmt":"2025-12-27T04:45:41","slug":"pasteles-y-serendipia-en-el-walk-in-talk-show","status":"publish","type":"post","link":"https:\/\/www.domesticgourmet.com\/es\/pasteles-y-serendipia-en-el-walk-in-talk-show\/","title":{"rendered":"Pasteles y Serendipia en el Walk-In Talk Show"},"content":{"rendered":"\n<p>Algunas oportunidades de comer pasteles se planean. Otras llegan como un susurro del universo. <\/p>\n\n<p>Empez\u00f3 con un mensaje de nuestra antigua ni\u00f1era un tranquilo martes por la ma\u00f1ana. \u00abEstoy libre el jueves si necesitas ayuda con las ni\u00f1as\u00bb, me dijo. As\u00ed de f\u00e1cil, se abri\u00f3 un d\u00eda raro en mi calendario de verano. Envi\u00e9 un mensaje a mis amigos de <a href=\"https:\/\/www.wfla.com\/\" target=\"_blank\" rel=\"noopener\" title=\"\">WFLA<\/a> para ver si pod\u00eda ir al estudio, pero las luces estaban apagadas: todo el mundo estaba de vacaciones.   <\/p>\n\n<p>Entonces, esa misma tarde, lleg\u00f3 un mensaje de mi amiga <strong><a href=\"https:\/\/www.instagram.com\/jannatamargo\/?hl=en\" target=\"_blank\" rel=\"noopener\" title=\"\">Dra. Janna Tamargo<\/a><\/strong>fundadora de <em><a href=\"https:\/\/www.authenticfood.com\/\" target=\"_blank\" rel=\"noopener\" title=\"\">AuthenticFood.com<\/a><\/em>. Me habl\u00f3 de una oportunidad en mi zona, <strong><a href=\"https:\/\/g.co\/kgs\/2Ttyt5j\" target=\"_blank\" rel=\"noopener\" title=\"\">Carl Fiadini<\/a><\/strong> de <em><a href=\"https:\/\/www.thewalkintalk.com\/\" target=\"_blank\" rel=\"noopener\" title=\"\">Walk-In Talk Media<\/a><\/em> hab\u00eda publicado una llamada a la acci\u00f3n en <a href=\"https:\/\/www.instagram.com\/walkintalkshow\/?hl=en\" target=\"_blank\" rel=\"noopener\" title=\"\">Instagram<\/a>. Su chef con categor\u00eda Michelin previamente programado hab\u00eda tenido que cancelar en el \u00faltimo momento, y buscaban a alguien que lo sustituyera.  <\/p>\n\n<p>Envi\u00e9 un mensaje a <a href=\"https:\/\/g.co\/kgs\/2Ttyt5j\" target=\"_blank\" rel=\"noopener\" title=\"\">Carl<\/a> inmediatamente. Y sin m\u00e1s, el lugar era m\u00edo.<\/p>\n\n<hr class=\"wp-block-separator has-alpha-channel-opacity\"\/>\n\n<figure class=\"wp-block-embed is-type-video is-provider-youtube wp-block-embed-youtube wp-embed-aspect-16-9 wp-has-aspect-ratio\"><div class=\"wp-block-embed__wrapper\">\n<iframe title=\"Modernizing Ancestral Dishes The Art of Pasteles \ud83e\udd58\u2728\" width=\"1778\" height=\"1000\" src=\"https:\/\/www.youtube.com\/embed\/jW617vaALAo?feature=oembed\" frameborder=\"0\" allow=\"accelerometer; autoplay; clipboard-write; encrypted-media; gyroscope; picture-in-picture; web-share\" referrerpolicy=\"strict-origin-when-cross-origin\" allowfullscreen><\/iframe>\n<\/div><\/figure>\n\n<h3 class=\"wp-block-heading\"><strong>Encuentro con el equipo de Walk-In Talk despu\u00e9s de a\u00f1os de casi fracasar<\/strong><\/h3>\n\n<p>He seguido <em><em><a href=\"https:\/\/www.thewalkintalk.com\/\" target=\"_blank\" rel=\"noopener\" title=\"\">Walk-In Talk Media<\/a><\/em><\/em> desde que conoc\u00ed a su equipo en el festival Savor St. Pete hace a\u00f1os. Hemos intentado colaborar varias veces, pero mi agenda de viajes siempre se interpon\u00eda. Esta vez, una serie de acontecimientos fortuitos abrieron la puerta y, cuando por fin entr\u00e9 en su cocina, la qu\u00edmica fue instant\u00e1nea.  <\/p>\n\n<p>Desde el primer momento me sent\u00ed como en casa, como entre amigos de toda la vida.<\/p>\n\n<hr class=\"wp-block-separator has-alpha-channel-opacity\"\/>\n\n<h3 class=\"wp-block-heading\"><strong>\u00bfPor qu\u00e9 me present\u00e9 con Pasteles<\/strong>?<\/h3>\n\n<p>No era s\u00f3lo una oportunidad para cocinar, era una oportunidad para mostrarles mi <em>porqu\u00e9<\/em>.<\/p>\n\n<p>La raz\u00f3n por la que empec\u00e9 <strong><a href=\"http:\/\/www.domesticgourmet.com\" target=\"_blank\" rel=\"noopener\" title=\"\">Gourmet Dom\u00e9stico<\/a><\/strong> fue preservar las recetas y los procesos transmitidos por las mujeres de mi familia, y poner esos sabores al alcance de las familias modernas que quieren saborear la nostalgia de su infancia, incluso en sus d\u00edas m\u00e1s ajetreados.<\/p>\n\n<p>Todo lo que hago, lo hago casero, como lo hac\u00edan mis antepasados. Mis productos, desde nuestro <strong><a href=\"https:\/\/www.domesticgourmet.com\/es\/product\/aceite-de-achiote-ecologico\/\" target=\"_blank\" rel=\"noopener\" title=\"\">Aceite de Achiote Ecol\u00f3gico<\/a><\/strong> &#8211; <strong> <a href=\"https:\/\/www.domesticgourmet.com\/es\/product\/aceite-de-achiote-ecologico\/\" target=\"_blank\" rel=\"noopener\" title=\"\">Aceite de Achiote<\/a><\/strong> Ecol\u00f3gico, hasta <strong>las mezclas de especias<\/strong> <strong>Adobo<\/strong> y <strong>Saz\u00f3n<\/strong> que se lanzar\u00e1n este oto\u00f1o, se construyen a partir de esa misma base: ingredientes limpios, sabor aut\u00e9ntico y profundas ra\u00edces culturales. <\/p>\n\n<p>As\u00ed que cuando tuve la oportunidad de entrar en esa cocina, supe exactamente lo que quer\u00eda llevar: <strong>pasteles<\/strong>.  <\/p>\n\n<p>Si voy a compartir mi historia, tengo que empezar por el alimento que me inspir\u00f3 para empezar a fabricar <a href=\"https:\/\/www.domesticgourmet.com\/es\/product\/aceite-de-achiote-ecologico\/\" target=\"_blank\" rel=\"noopener\" title=\"\">aceite de achiote<\/a>, mi producto estrella.<\/p>\n\n<hr class=\"wp-block-separator has-alpha-channel-opacity\"\/>\n\n<figure class=\"wp-block-image size-large\"><img decoding=\"async\" width=\"1024\" height=\"683\" src=\"https:\/\/www.domesticgourmet.com\/wp-content\/smush-webp\/2025\/07\/Branded-Pasteles-1024x683.jpg.webp\" alt=\"Pasteles, Aceite de Achiote Ecol&#xF3;gico Domestic Gourmet, Adobo, Saz&#xF3;n y Pasteles Puertorrique&#xF1;os del Chef Ciji Castro. Foto de Ibis Images\" class=\"wp-image-5731\" srcset=\"https:\/\/www.domesticgourmet.com\/wp-content\/smush-webp\/2025\/07\/Branded-Pasteles-1024x683.jpg.webp 1024w, https:\/\/www.domesticgourmet.com\/wp-content\/smush-webp\/2025\/07\/Branded-Pasteles-300x200.jpg.webp 300w, https:\/\/www.domesticgourmet.com\/wp-content\/smush-webp\/2025\/07\/Branded-Pasteles-768x512.jpg.webp 768w, https:\/\/www.domesticgourmet.com\/wp-content\/smush-webp\/2025\/07\/Branded-Pasteles-1536x1024.jpg.webp 1536w, https:\/\/www.domesticgourmet.com\/wp-content\/smush-webp\/2025\/07\/Branded-Pasteles-1920x1280.jpg.webp 1920w, https:\/\/www.domesticgourmet.com\/wp-content\/smush-webp\/2025\/07\/Branded-Pasteles-1440x960.jpg.webp 1440w, https:\/\/www.domesticgourmet.com\/wp-content\/smush-webp\/2025\/07\/Branded-Pasteles-1200x800.jpg.webp 1200w, https:\/\/www.domesticgourmet.com\/wp-content\/smush-webp\/2025\/07\/Branded-Pasteles-780x520.jpg.webp 780w, https:\/\/www.domesticgourmet.com\/wp-content\/smush-webp\/2025\/07\/Branded-Pasteles-600x400.jpg.webp 600w, https:\/\/www.domesticgourmet.com\/wp-content\/smush-webp\/2025\/07\/Branded-Pasteles-550x367.jpg.webp 550w, https:\/\/www.domesticgourmet.com\/wp-content\/smush-webp\/2025\/07\/Branded-Pasteles-370x247.jpg.webp 370w, https:\/\/www.domesticgourmet.com\/wp-content\/smush-webp\/2025\/07\/Branded-Pasteles-255x170.jpg.webp 255w, https:\/\/www.domesticgourmet.com\/wp-content\/smush-webp\/2025\/07\/Branded-Pasteles-1320x880.jpg.webp 1320w, https:\/\/www.domesticgourmet.com\/wp-content\/uploads\/2025\/07\/Branded-Pasteles.jpg 2048w\" sizes=\"(max-width: 1024px) 100vw, 1024px\" \/><figcaption class=\"wp-element-caption\">Fotograf\u00eda de <a href=\"https:\/\/www.ibisimages.com\/\" target=\"_blank\" rel=\"noopener\" title=\"\"><\/a><a href=\"https:\/\/www.ibisimages.com\/\" target=\"_blank\" rel=\"noopener\" title=\"\">Ibis Images Photography<\/a><\/figcaption><\/figure>\n\n<h3 class=\"wp-block-heading\">Pasteles: <strong>Tradici\u00f3n puertorrique\u00f1a envuelta en hojas de pl\u00e1tano<\/strong><\/h3>\n\n<p>Los pasteles no son s\u00f3lo comida: son un trozo de <strong>historia oral<\/strong>.<\/p>\n\n<p>Han pasado de generaci\u00f3n en generaci\u00f3n en mi familia. Las hacemos todos los a\u00f1os para preparar las fiestas. Es un proceso de dos d\u00edas lleno de m\u00fasica, risas y recuerdos. Todas las mujeres de mi familia se re\u00fanen para hacerlas, y mis hijas se unen en cuanto pueden subirse a un taburete.   <\/p>\n\n<p>Hacemos suficientes para que cada hogar participante se lleve a casa un par de docenas, adem\u00e1s de las suficientes para servir y disfrutar juntos en <strong><a href=\"https:\/\/www.domesticgourmet.com\/es\/categorias\/noche-buena-es\/\" target=\"_blank\" rel=\"noopener\" title=\"\">Noche Buena<\/a><\/strong>. Es sagrado. Es tradici\u00f3n. Y es m\u00edo.   <\/p>\n\n<p>As\u00ed que lo llev\u00e9 a <a href=\"https:\/\/www.thewalkintalk.com\/\" target=\"_blank\" rel=\"noopener\" title=\"\"><em><em><\/em><\/em><\/a><em><em><a href=\"https:\/\/www.thewalkintalk.com\/\" target=\"_blank\" rel=\"noopener\" title=\"\">Walk-In Talk Media<\/a><\/em><\/em>-para honrar de d\u00f3nde vengo y mostrar hacia d\u00f3nde voy.<\/p>\n\n<hr class=\"wp-block-separator has-alpha-channel-opacity\"\/>\n\n<h3 class=\"wp-block-heading\"><strong>Transformar Pasteles en Arte con <a href=\"https:\/\/www.ibisimages.com\/\" target=\"_blank\" rel=\"noopener\" title=\"\">Ibis Images<\/a><\/strong><\/h3>\n\n<p>Aunque ten\u00eda una preocupaci\u00f3n: los pasteles no siempre se fotograf\u00edan bien. Para alguien que no est\u00e9 familiarizado con ellos, podr\u00edan parecer demasiado marrones, demasiado r\u00fasticos, demasiado&#8230; poco apetecibles. <\/p>\n\n<p>Pero entonces <strong><a href=\"https:\/\/www.linkedin.com\/in\/john-hernandez-a910362\/\" target=\"_blank\" rel=\"noopener\" title=\"\">Juan Hern\u00e1ndez<\/a><\/strong>miembro original del equipo de <em><em><a href=\"https:\/\/www.thewalkintalk.com\/\" target=\"_blank\" rel=\"noopener\" title=\"\">Walk-In Talk Media<\/a><\/em><\/em> y fundador de <em><strong><a href=\"https:\/\/www.ibisimages.com\/\" target=\"_blank\" rel=\"noopener\" title=\"\">Ibis Im\u00e1genes<\/a><\/strong><\/em>intervino. Lo que cre\u00f3 con su objetivo me dej\u00f3 sin palabras. No se limit\u00f3 a fotografiar pasteles: los <strong>elev\u00f3<\/strong>. Los convirti\u00f3 en <em>editoriales. <\/em>Capt\u00f3 la historia, la textura, la emoci\u00f3n. Hizo que parecieran obras de arte comestibles.    <\/p>\n\n<p>A lo largo de mi carrera, he trabajado con muchos fot\u00f3grafos. <a href=\"https:\/\/www.linkedin.com\/in\/john-hernandez-a910362\/\" target=\"_blank\" rel=\"noopener\" title=\"\">John<\/a> es uno de los mejores que he conocido. Su ojo para la estilizaci\u00f3n de los alimentos es incre\u00edble, y me siento honrada de que mis platos hayan sido vistos a trav\u00e9s de su lente.<\/p>\n\n<hr class=\"wp-block-separator has-alpha-channel-opacity\"\/>\n\n<figure class=\"wp-block-image size-large\"><img decoding=\"async\" width=\"1024\" height=\"683\" src=\"https:\/\/www.domesticgourmet.com\/wp-content\/smush-webp\/2025\/07\/2025-0612_WiT14307-1024x683.jpg.webp\" alt=\"Pasteles Puertorrique&#xF1;os del Chef Ciji Castro. Foto de Ibis Images\" class=\"wp-image-5735\" srcset=\"https:\/\/www.domesticgourmet.com\/wp-content\/smush-webp\/2025\/07\/2025-0612_WiT14307-1024x683.jpg.webp 1024w, https:\/\/www.domesticgourmet.com\/wp-content\/smush-webp\/2025\/07\/2025-0612_WiT14307-300x200.jpg.webp 300w, https:\/\/www.domesticgourmet.com\/wp-content\/smush-webp\/2025\/07\/2025-0612_WiT14307-768x512.jpg.webp 768w, https:\/\/www.domesticgourmet.com\/wp-content\/smush-webp\/2025\/07\/2025-0612_WiT14307-1536x1024.jpg.webp 1536w, https:\/\/www.domesticgourmet.com\/wp-content\/smush-webp\/2025\/07\/2025-0612_WiT14307-1920x1280.jpg.webp 1920w, https:\/\/www.domesticgourmet.com\/wp-content\/smush-webp\/2025\/07\/2025-0612_WiT14307-1440x960.jpg.webp 1440w, https:\/\/www.domesticgourmet.com\/wp-content\/smush-webp\/2025\/07\/2025-0612_WiT14307-1200x800.jpg.webp 1200w, https:\/\/www.domesticgourmet.com\/wp-content\/smush-webp\/2025\/07\/2025-0612_WiT14307-780x520.jpg.webp 780w, https:\/\/www.domesticgourmet.com\/wp-content\/smush-webp\/2025\/07\/2025-0612_WiT14307-600x400.jpg.webp 600w, https:\/\/www.domesticgourmet.com\/wp-content\/smush-webp\/2025\/07\/2025-0612_WiT14307-550x367.jpg.webp 550w, https:\/\/www.domesticgourmet.com\/wp-content\/smush-webp\/2025\/07\/2025-0612_WiT14307-370x247.jpg.webp 370w, https:\/\/www.domesticgourmet.com\/wp-content\/smush-webp\/2025\/07\/2025-0612_WiT14307-255x170.jpg.webp 255w, https:\/\/www.domesticgourmet.com\/wp-content\/smush-webp\/2025\/07\/2025-0612_WiT14307-1320x880.jpg.webp 1320w, https:\/\/www.domesticgourmet.com\/wp-content\/uploads\/2025\/07\/2025-0612_WiT14307.jpg 2048w\" sizes=\"(max-width: 1024px) 100vw, 1024px\" \/><figcaption class=\"wp-element-caption\">Foto de <a href=\"https:\/\/www.ibisimages.com\/\" target=\"_blank\" rel=\"noopener\" title=\"\">Ibis Images Photography<\/a><\/figcaption><\/figure>\n\n<h3 class=\"wp-block-heading\">\ud83c\udf45 Resolvamos esto de una vez por todas: \u00bfKetchup o no ketchup en los pasteles?<\/h3>\n\n<p>Hay una pregunta que nunca deja de suscitar fuertes opiniones en todo Puerto Rico, y nosotros la ponemos sobre la mesa: <strong>\u00bfLe pones ketchup a tus pasteles?<\/strong><\/p>\n\n<p>Lo hago. Siempre lo he hecho. Equipo <strong>a favor del ketchup<\/strong> hasta el final.<br\/>Pero <a href=\"https:\/\/www.linkedin.com\/in\/john-hernandez-a910362\/\" target=\"_blank\" rel=\"noopener\" title=\"\">John -compa\u00f1ero<\/a>boricua y extraordinario fot\u00f3grafo gastron\u00f3mico- es un <strong>purista<\/strong>. Nada de ketchup. Sin concesiones. Tuvimos un intenso (respetuoso) debate al respecto durante el rodaje.     <\/p>\n\n<p>Ahora te toca a ti:<br\/><strong>\u00bfEres del Equipo Ketchup o del Equipo Purista?<\/strong><br\/>Deja tu respuesta en los comentarios: queremos saber cu\u00e1l es tu postura. \ud83d\udc40\ud83d\udc47 <\/p>\n\n<hr class=\"wp-block-separator has-alpha-channel-opacity\"\/>\n\n<h3 class=\"wp-block-heading\"><strong>Perm\u00edteme un momento de gratitud<\/strong> <\/h3>\n\n<p>He hecho cientos de segmentos de cocina a lo largo de los a\u00f1os, pero \u00e9ste fue diferente. Fue sin esfuerzo, creativo, y la energ\u00eda estaba alineada. <\/p>\n\n<p>A <a href=\"https:\/\/g.co\/kgs\/2Ttyt5j\" target=\"_blank\" rel=\"noopener\" title=\"\">Carl<\/a>, <a href=\"https:\/\/www.linkedin.com\/in\/john-hernandez-a910362\/\" target=\"_blank\" rel=\"noopener\" title=\"\">John<\/a> y a toda la <a href=\"https:\/\/www.thewalkintalk.com\/\" target=\"_blank\" rel=\"noopener\" title=\"\"><\/a>Equipo de <a href=\"https:\/\/www.thewalkintalk.com\/\" target=\"_blank\" rel=\"noopener\" title=\"\">Walk-In Talk Media-<\/a> <strong><em>gracias<\/em><\/strong>.<br\/>Gracias por crear un espacio para que comparta mi cultura, mi misi\u00f3n y mi pasi\u00f3n. Fue un momento destacado para m\u00ed y un orgullo para <a href=\"http:\/\/www.domesticgourmet.com\" target=\"_blank\" rel=\"noopener\" title=\"\">Domestic Gourmet<\/a>. <\/p>\n\n<p>Si a\u00fan no sigues <strong><a href=\"https:\/\/www.instagram.com\/walkintalkshow\/?hl=en\" target=\"_blank\" rel=\"noopener\" title=\"\">@walkintalkmedia<\/a><\/strong>ahora es el momento.\nSu plataforma es una carta de amor al sector de la hosteler\u00eda, con historias reales, chefs reales y conversaciones crudas y sin filtrar que realmente importan. <\/p>\n\n<p><strong>Encuentra Walk-In Talk Media en:<\/strong><\/p>\n\n<p><span style=\"box-sizing: border-box; margin: 0px; padding: 0px;\"><a href=\"https:\/\/www.youtube.com\/@WalkInTalk\" target=\"_blank\" rel=\"noopener\" title=\"\">YouTube<\/a>, <a href=\"https:\/\/podcasts.apple.com\/us\/podcast\/walk-in-talk-podcast\/id1649630933\" target=\"_blank\" rel=\"noopener\" title=\"\">Apple Podcasts<\/a>, <a href=\"https:\/\/open.spotify.com\/show\/5LgBK6LzYZqa3FBDG4SSM5?si=39bb9d7b11134c0c\" target=\"_blank\" rel=\"noopener\" title=\"\">Spotify<\/a>, <a href=\"https:\/\/www.linkedin.com\/company\/walk-in-talk-media\/\" target=\"_blank\" rel=\"noopener\" title=\"\">LinkedIn<\/a>, <a href=\"https:\/\/www.facebook.com\/WalkInTalk.the.restaurant.life\" target=\"_blank\">Facebook<\/a>, <a href=\"https:\/\/www.instagram.com\/walkintalkshow\/?hl=en\" target=\"_blank\">Instagram,<\/a> o consulta su <a href=\"https:\/\/www.thewalkintalk.com\/\" target=\"_blank\" rel=\"noopener\" title=\"\">sitio web<\/a> para obtener m\u00e1s informaci\u00f3n.<\/span><\/p>\n\n<p><strong>Encuentra Ibis Images Photography en:  <\/strong><\/p>\n\n<p><a href=\"https:\/\/www.instagram.com\/ibisimages\/?hl=en\" target=\"_blank\" rel=\"noopener\" title=\"\">Instagram<\/a>, <a href=\"https:\/\/www.linkedin.com\/in\/john-hernandez-a910362\/\" target=\"_blank\" rel=\"noopener\" title=\"\">LinkedIn<\/a>, <a href=\"https:\/\/www.facebook.com\/ibisimages\" target=\"_blank\" rel=\"noopener\" title=\"\">Facebook<\/a> o visita su <a href=\"https:\/\/www.ibisimages.com\/\" target=\"_blank\" rel=\"noopener\" title=\"\">sitio web<\/a> para obtener m\u00e1s informaci\u00f3n.<\/p>\n\n<div data-wp-context=\"{&quot;notices&quot;:[],&quot;hideNextPreviousButtons&quot;:false,&quot;isDisabledPrevious&quot;:true,&quot;isDisabledNext&quot;:false,&quot;ariaLabelPrevious&quot;:&quot;Productos anteriores&quot;,&quot;ariaLabelNext&quot;:&quot;Productos siguientes&quot;,&quot;collection&quot;:&quot;woocommerce\\\/product-collection\\\/best-sellers&quot;}\" data-wp-init=\"callbacks.onRender\" data-wp-interactive=\"woocommerce\/product-collection\" data-wp-router-region=\"wc-product-collection-0\" data-__private-preview-state=\"{&quot;isPreview&quot;:false,&quot;previewMessage&quot;:&quot;Actual products will vary depending on the page being viewed.&quot;}\" data-block-name=\"woocommerce\/product-collection\" data-collection=\"woocommerce\/product-collection\/best-sellers\" data-dimensions=\"{&quot;widthType&quot;:&quot;fill&quot;}\" data-display-layout=\"{&quot;type&quot;:&quot;flex&quot;,&quot;columns&quot;:5,&quot;shrinkColumns&quot;:true}\" data-hide-controls=\"[&quot;inherit&quot;,&quot;order&quot;,&quot;filterable&quot;]\" data-query-context-includes=\"[&quot;collection&quot;]\" data-query-id=\"0\" data-query=\"{&quot;perPage&quot;:8,&quot;pages&quot;:1,&quot;offset&quot;:0,&quot;postType&quot;:&quot;product&quot;,&quot;order&quot;:&quot;desc&quot;,&quot;orderBy&quot;:&quot;popularity&quot;,&quot;search&quot;:&quot;&quot;,&quot;exclude&quot;:[],&quot;inherit&quot;:false,&quot;taxQuery&quot;:[],&quot;isProductCollectionBlock&quot;:true,&quot;featured&quot;:false,&quot;woocommerceOnSale&quot;:false,&quot;woocommerceStockStatus&quot;:[&quot;instock&quot;,&quot;outofstock&quot;,&quot;onbackorder&quot;],&quot;woocommerceAttributes&quot;:[],&quot;woocommerceHandPickedProducts&quot;:[],&quot;filterable&quot;:false,&quot;relatedBy&quot;:{&quot;categories&quot;:true,&quot;tags&quot;:true}}\" data-tag-name=\"div\" class=\"wp-block-woocommerce-product-collection is-layout-flow wp-block-woocommerce-product-collection-is-layout-flow\">\t\t<div data-wp-interactive=\"woocommerce\/store-notices\" class=\"wc-block-components-notices alignwide\">\n\t\t\t<template data-wp-each--notice=\"state.notices\" data-wp-each-key=\"context.notice.id\">\n\t\t\t\t<div\n\t\t\t\t\tclass=\"wc-block-components-notice-banner\"\n\t\t\t\t\tdata-wp-init=\"callbacks.scrollIntoView\"\n\t\t\t\t\tdata-wp-class--is-error=\"state.isError\"\n\t\t\t\t\tdata-wp-class--is-success=\"state.isSuccess\"\n\t\t\t\t\tdata-wp-class--is-info=\"state.isInfo\"\n\t\t\t\t\tdata-wp-class--is-dismissible=\"context.notice.dismissible\"\n\t\t\t\t\tdata-wp-bind--role=\"state.role\"\n\t\t\t\t\tdata-wp-watch=\"callbacks.injectIcon\"\n\t\t\t\t>\n\t\t\t\t\t<div class=\"wc-block-components-notice-banner__content\">\n\t\t\t\t\t\t<span data-wp-init=\"callbacks.renderNoticeContent\" aria-live=\"assertive\" aria-atomic=\"true\"><\/span>\n\t\t\t\t\t<\/div>\n\t\t\t\t\t<button\n\t\t\t\t\t\tdata-wp-bind--hidden=\"!context.notice.dismissible\"\n\t\t\t\t\t\tclass=\"wc-block-components-button wp-element-button wc-block-components-notice-banner__dismiss contained\"\n\t\t\t\t\t\taria-label=\"Descartar este aviso\"\n\t\t\t\t\t\tdata-wp-on--click=\"actions.removeNotice\"\n\t\t\t\t\t>\n\t\t\t\t\t\t<svg xmlns=\"http:\/\/www.w3.org\/2000\/svg\" viewBox=\"0 0 24 24\">\n\t\t\t\t\t\t\t<path d=\"M13 11.8l6.1-6.3-1-1-6.1 6.2-6.1-6.2-1 1 6.1 6.3-6.5 6.7 1 1 6.5-6.6 6.5 6.6 1-1z\" \/>\n\t\t\t\t\t\t<\/svg>\n\t\t\t\t\t<\/button>\n\t\t\t\t<\/div>\n\t\t\t<\/template>\n\t\t<\/div>\n\t\t\n<h2 class=\"wp-block-heading has-text-align-center\" style=\"margin-bottom:1rem\">Productos m\u00e1s vendidos<\/h2>\n\n\n<ul data-block-name=\"woocommerce\/product-template\" class=\"wc-block-product-template__responsive columns-5 wc-block-product-template wp-block-woocommerce-product-template is-layout-flow wp-block-woocommerce-product-template-is-layout-flow\" data-wp-on--scroll=\"actions.watchScroll\" data-wp-init=\"callbacks.initResizeObserver\"><li class=\"wc-block-product post-4566 product type-product status-publish has-post-thumbnail product_cat-aceites first instock taxable shipping-taxable purchasable product-type-simple\"\n\t\t\t\t\t\n\t\t\t\tdata-wp-interactive=\"woocommerce\/product-collection\"\n\t\t\t\tdata-wp-context='{\"productId\":4566}'\n\t\t\t\tdata-wp-key=\"product-item-4566\"\n\t\t\t\n\t\t\t\t>\n\t\t\t\t\t\n<div data-block-name=\"woocommerce\/product-image\" data-image-sizing=\"thumbnail\" data-is-descendent-of-query-loop=\"true\" data-show-sale-badge=\"false\" class=\"wc-block-components-product-image wc-block-grid__product-image wc-block-components-product-image--aspect-ratio-auto wp-block-woocommerce-product-image\"><a href=\"https:\/\/www.domesticgourmet.com\/es\/product\/aceite-de-achiote-ecologico\/\" style=\"\" data-wp-on--click=\"woocommerce\/product-collection::actions.viewProduct\"><img decoding=\"async\" width=\"300\" height=\"300\" src=\"https:\/\/www.domesticgourmet.com\/wp-content\/smush-webp\/2024\/09\/IMG_5719-300x300.jpeg.webp\" class=\"attachment-woocommerce_thumbnail size-woocommerce_thumbnail\" alt=\"Domestic Gourmet Aceite de Achiote Ecol\u00f3gico - Etiqueta Aceite de Achiote\" data-testid=\"product-image\" data-image-id=\"3820\" style=\"object-fit:cover;\" loading=\"lazy\" srcset=\"https:\/\/www.domesticgourmet.com\/wp-content\/smush-webp\/2024\/09\/IMG_5719-300x300.jpeg.webp 300w, https:\/\/www.domesticgourmet.com\/wp-content\/smush-webp\/2024\/09\/IMG_5719-150x150.jpeg.webp 150w, https:\/\/www.domesticgourmet.com\/wp-content\/smush-webp\/2024\/09\/IMG_5719-500x500.jpeg.webp 500w, https:\/\/www.domesticgourmet.com\/wp-content\/smush-webp\/2024\/09\/IMG_5719-600x600.jpeg.webp 600w, https:\/\/www.domesticgourmet.com\/wp-content\/smush-webp\/2024\/09\/IMG_5719-100x100.jpeg.webp 100w\" sizes=\"auto, (max-width: 300px) 100vw, 300px\" \/><div class=\"wc-block-components-product-image__inner-container\">\n\n<\/div><\/a><\/div>\n\n<h2 style=\"line-height:1.4; margin-bottom:0.75rem;margin-top:0;\" class=\"has-text-align-center wp-block-post-title has-medium-font-size\"><a data-wp-on--click=\"woocommerce\/product-collection::actions.viewProduct\" href=\"https:\/\/www.domesticgourmet.com\/es\/product\/aceite-de-achiote-ecologico\/\" target=\"_self\" >Aceite de Achiote Ecol\u00f3gico &#8211; Aceite de Achiote<\/a><\/h2>\n\n<div data-block-name=\"woocommerce\/product-price\" data-font-size=\"small\" data-is-descendent-of-query-loop=\"true\" data-text-align=\"center\" class=\"has-font-size has-small-font-size has-text-align-center wp-block-woocommerce-product-price has-small-font-size\" ><div class=\"wc-block-components-product-price wc-block-grid__product-price\" >\n\t\t\t\t\t<span class=\"woocommerce-Price-amount amount\"><bdi><span class=\"woocommerce-Price-currencySymbol\">&#36;<\/span>29.95<\/bdi><\/span>\n\t\t\t\t<\/div><\/div>\n\n<div data-block-name=\"woocommerce\/product-button\" data-font-size=\"small\" data-is-descendent-of-query-loop=\"true\" data-text-align=\"center\" class=\"wp-block-button wc-block-components-product-button   align-center wp-block-woocommerce-product-button has-small-font-size\"\n\t\t\t\t\t\n\t\t\t\t\tdata-wp-context='{\"quantityToAdd\":1,\"productId\":4566,\"productType\":\"simple\",\"addToCartText\":\"A\\u00f1adir al carrito\",\"tempQuantity\":0,\"animationStatus\":\"IDLE\",\"inTheCartText\":\"### en el carrito\",\"noticeId\":\"\",\"hasPressedButton\":false}'\n\t\t\t\t>\n\t\t\t\t\t<a\n\t\t\t\t\t\tclass=\"wp-block-button__link wp-element-button wc-block-components-product-button__button add_to_cart_button product_type_simple has-font-size has-small-font-size has-text-align-center wc-interactive\"\n\t\t\t\t\t\tstyle=\"\"\n\t\t\t\t\t\thref=\"\/es\/wp-json\/wp\/v2\/posts\/5743?add-to-cart=4566\" rel=\"nofollow\" data-product_id=\"4566\" data-product_sku=\"0860012364503\" aria-label=\"A\u00f1adir al carrito: &ldquo;Aceite de Achiote Ecol\u00f3gico - Aceite de Achiote&rdquo;\"\n\t\t\t\t\t\tdata-wp-on--click=\"woocommerce\/product-collection::actions.viewProduct\"\n\t\t\t\t\t>\n\t\t\t\t\t<span >A\u00f1adir al carrito<\/span>\n\t\t\t\t\t<\/a>\n\t\t\t\t\t\n\t\t\t\t<\/div>\n\n\t\t\t\t<\/li><li class=\"wc-block-product post-5937 product type-product status-publish has-post-thumbnail product_cat-especias  instock taxable shipping-taxable purchasable product-type-simple\"\n\t\t\t\t\t\n\t\t\t\tdata-wp-interactive=\"woocommerce\/product-collection\"\n\t\t\t\tdata-wp-context='{\"productId\":5937}'\n\t\t\t\tdata-wp-key=\"product-item-5937\"\n\t\t\t\n\t\t\t\t>\n\t\t\t\t\t\n<div data-block-name=\"woocommerce\/product-image\" data-image-sizing=\"thumbnail\" data-is-descendent-of-query-loop=\"true\" data-show-sale-badge=\"false\" class=\"wc-block-components-product-image wc-block-grid__product-image wc-block-components-product-image--aspect-ratio-auto wp-block-woocommerce-product-image\"><a href=\"https:\/\/www.domesticgourmet.com\/es\/product\/adobo-ecologico-domestic-gourmet\/\" style=\"\" data-wp-on--click=\"woocommerce\/product-collection::actions.viewProduct\"><img decoding=\"async\" width=\"300\" height=\"300\" src=\"https:\/\/www.domesticgourmet.com\/wp-content\/smush-webp\/2025\/10\/IMG_4829-300x300.jpg.webp\" class=\"attachment-woocommerce_thumbnail size-woocommerce_thumbnail\" alt=\"Adobo org\u00e1nico Domestic Gourmet\" data-testid=\"product-image\" data-image-id=\"6191\" style=\"object-fit:cover;\" loading=\"lazy\" srcset=\"https:\/\/www.domesticgourmet.com\/wp-content\/smush-webp\/2025\/10\/IMG_4829-300x300.jpg.webp 300w, https:\/\/www.domesticgourmet.com\/wp-content\/smush-webp\/2025\/10\/IMG_4829-150x150.jpg.webp 150w, https:\/\/www.domesticgourmet.com\/wp-content\/smush-webp\/2025\/10\/IMG_4829-100x100.jpg.webp 100w\" sizes=\"auto, (max-width: 300px) 100vw, 300px\" \/><div class=\"wc-block-components-product-image__inner-container\">\n\n<\/div><\/a><\/div>\n\n<h2 style=\"line-height:1.4; margin-bottom:0.75rem;margin-top:0;\" class=\"has-text-align-center wp-block-post-title has-medium-font-size\"><a data-wp-on--click=\"woocommerce\/product-collection::actions.viewProduct\" href=\"https:\/\/www.domesticgourmet.com\/es\/product\/adobo-ecologico-domestic-gourmet\/\" target=\"_self\" >Adobo org\u00e1nico Domestic Gourmet<\/a><\/h2>\n\n<div data-block-name=\"woocommerce\/product-price\" data-font-size=\"small\" data-is-descendent-of-query-loop=\"true\" data-text-align=\"center\" class=\"has-font-size has-small-font-size has-text-align-center wp-block-woocommerce-product-price has-small-font-size\" ><div class=\"wc-block-components-product-price wc-block-grid__product-price\" >\n\t\t\t\t\t<span class=\"woocommerce-Price-amount amount\"><bdi><span class=\"woocommerce-Price-currencySymbol\">&#36;<\/span>11.00<\/bdi><\/span>\n\t\t\t\t<\/div><\/div>\n\n<div data-block-name=\"woocommerce\/product-button\" data-font-size=\"small\" data-is-descendent-of-query-loop=\"true\" data-text-align=\"center\" class=\"wp-block-button wc-block-components-product-button   align-center wp-block-woocommerce-product-button has-small-font-size\"\n\t\t\t\t\t\n\t\t\t\t\tdata-wp-context='{\"quantityToAdd\":1,\"productId\":5937,\"productType\":\"simple\",\"addToCartText\":\"A\\u00f1adir al carrito\",\"tempQuantity\":0,\"animationStatus\":\"IDLE\",\"inTheCartText\":\"### en el carrito\",\"noticeId\":\"\",\"hasPressedButton\":false}'\n\t\t\t\t>\n\t\t\t\t\t<a\n\t\t\t\t\t\tclass=\"wp-block-button__link wp-element-button wc-block-components-product-button__button add_to_cart_button product_type_simple has-font-size has-small-font-size has-text-align-center wc-interactive\"\n\t\t\t\t\t\tstyle=\"\"\n\t\t\t\t\t\thref=\"\/es\/wp-json\/wp\/v2\/posts\/5743?add-to-cart=5937\" rel=\"nofollow\" data-product_id=\"5937\" data-product_sku=\"\" aria-label=\"A\u00f1adir al carrito: &ldquo;Adobo org\u00e1nico Domestic Gourmet&rdquo;\"\n\t\t\t\t\t\tdata-wp-on--click=\"woocommerce\/product-collection::actions.viewProduct\"\n\t\t\t\t\t>\n\t\t\t\t\t<span >A\u00f1adir al carrito<\/span>\n\t\t\t\t\t<\/a>\n\t\t\t\t\t\n\t\t\t\t<\/div>\n\n\t\t\t\t<\/li><li class=\"wc-block-product post-5935 product type-product status-publish has-post-thumbnail product_cat-especias  instock taxable shipping-taxable purchasable product-type-simple\"\n\t\t\t\t\t\n\t\t\t\tdata-wp-interactive=\"woocommerce\/product-collection\"\n\t\t\t\tdata-wp-context='{\"productId\":5935}'\n\t\t\t\tdata-wp-key=\"product-item-5935\"\n\t\t\t\n\t\t\t\t>\n\t\t\t\t\t\n<div data-block-name=\"woocommerce\/product-image\" data-image-sizing=\"thumbnail\" data-is-descendent-of-query-loop=\"true\" data-show-sale-badge=\"false\" class=\"wc-block-components-product-image wc-block-grid__product-image wc-block-components-product-image--aspect-ratio-auto wp-block-woocommerce-product-image\"><a href=\"https:\/\/www.domesticgourmet.com\/es\/product\/sazon-ecologico-gourmet-domestico\/\" style=\"\" data-wp-on--click=\"woocommerce\/product-collection::actions.viewProduct\"><img decoding=\"async\" width=\"300\" height=\"300\" src=\"https:\/\/www.domesticgourmet.com\/wp-content\/smush-webp\/2025\/10\/IMG_4911-300x300.png.webp\" class=\"attachment-woocommerce_thumbnail size-woocommerce_thumbnail\" alt=\"Saz\u00f3n Org\u00e1nico Gourmet Dom\u00e9stico\" data-testid=\"product-image\" data-image-id=\"6307\" style=\"object-fit:cover;\" loading=\"lazy\" srcset=\"https:\/\/www.domesticgourmet.com\/wp-content\/smush-webp\/2025\/10\/IMG_4911-300x300.png.webp 300w, https:\/\/www.domesticgourmet.com\/wp-content\/smush-webp\/2025\/10\/IMG_4911-150x150.png.webp 150w, https:\/\/www.domesticgourmet.com\/wp-content\/smush-webp\/2025\/10\/IMG_4911-500x500.png.webp 500w, https:\/\/www.domesticgourmet.com\/wp-content\/smush-webp\/2025\/10\/IMG_4911-600x600.png.webp 600w, https:\/\/www.domesticgourmet.com\/wp-content\/smush-webp\/2025\/10\/IMG_4911-100x100.png.webp 100w\" sizes=\"auto, (max-width: 300px) 100vw, 300px\" \/><div class=\"wc-block-components-product-image__inner-container\">\n\n<\/div><\/a><\/div>\n\n<h2 style=\"line-height:1.4; margin-bottom:0.75rem;margin-top:0;\" class=\"has-text-align-center wp-block-post-title has-medium-font-size\"><a data-wp-on--click=\"woocommerce\/product-collection::actions.viewProduct\" href=\"https:\/\/www.domesticgourmet.com\/es\/product\/sazon-ecologico-gourmet-domestico\/\" target=\"_self\" >Saz\u00f3n Org\u00e1nico Gourmet Dom\u00e9stico<\/a><\/h2>\n\n<div data-block-name=\"woocommerce\/product-price\" data-font-size=\"small\" data-is-descendent-of-query-loop=\"true\" data-text-align=\"center\" class=\"has-font-size has-small-font-size has-text-align-center wp-block-woocommerce-product-price has-small-font-size\" ><div class=\"wc-block-components-product-price wc-block-grid__product-price\" >\n\t\t\t\t\t<span class=\"woocommerce-Price-amount amount\"><bdi><span class=\"woocommerce-Price-currencySymbol\">&#36;<\/span>11.00<\/bdi><\/span>\n\t\t\t\t<\/div><\/div>\n\n<div data-block-name=\"woocommerce\/product-button\" data-font-size=\"small\" data-is-descendent-of-query-loop=\"true\" data-text-align=\"center\" class=\"wp-block-button wc-block-components-product-button   align-center wp-block-woocommerce-product-button has-small-font-size\"\n\t\t\t\t\t\n\t\t\t\t\tdata-wp-context='{\"quantityToAdd\":1,\"productId\":5935,\"productType\":\"simple\",\"addToCartText\":\"A\\u00f1adir al carrito\",\"tempQuantity\":0,\"animationStatus\":\"IDLE\",\"inTheCartText\":\"### en el carrito\",\"noticeId\":\"\",\"hasPressedButton\":false}'\n\t\t\t\t>\n\t\t\t\t\t<a\n\t\t\t\t\t\tclass=\"wp-block-button__link wp-element-button wc-block-components-product-button__button add_to_cart_button product_type_simple has-font-size has-small-font-size has-text-align-center wc-interactive\"\n\t\t\t\t\t\tstyle=\"\"\n\t\t\t\t\t\thref=\"\/es\/wp-json\/wp\/v2\/posts\/5743?add-to-cart=5935\" rel=\"nofollow\" data-product_id=\"5935\" data-product_sku=\"\" aria-label=\"A\u00f1adir al carrito: &ldquo;Saz\u00f3n Org\u00e1nico Gourmet Dom\u00e9stico&rdquo;\"\n\t\t\t\t\t\tdata-wp-on--click=\"woocommerce\/product-collection::actions.viewProduct\"\n\t\t\t\t\t>\n\t\t\t\t\t<span >A\u00f1adir al carrito<\/span>\n\t\t\t\t\t<\/a>\n\t\t\t\t\t\n\t\t\t\t<\/div>\n\n\t\t\t\t<\/li><li class=\"wc-block-product post-5916 product type-product status-publish has-post-thumbnail product_cat-aceites last instock taxable shipping-taxable purchasable product-type-simple\"\n\t\t\t\t\t\n\t\t\t\tdata-wp-interactive=\"woocommerce\/product-collection\"\n\t\t\t\tdata-wp-context='{\"productId\":5916}'\n\t\t\t\tdata-wp-key=\"product-item-5916\"\n\t\t\t\n\t\t\t\t>\n\t\t\t\t\t\n<div data-block-name=\"woocommerce\/product-image\" data-image-sizing=\"thumbnail\" data-is-descendent-of-query-loop=\"true\" data-show-sale-badge=\"false\" class=\"wc-block-components-product-image wc-block-grid__product-image wc-block-components-product-image--aspect-ratio-auto wp-block-woocommerce-product-image\"><a href=\"https:\/\/www.domesticgourmet.com\/es\/product\/tamano-de-la-muestra-aceite-de-achiote\/\" style=\"\" data-wp-on--click=\"woocommerce\/product-collection::actions.viewProduct\"><img decoding=\"async\" width=\"300\" height=\"300\" src=\"https:\/\/www.domesticgourmet.com\/wp-content\/smush-webp\/2025\/09\/img_3497-300x300.jpeg.webp\" class=\"attachment-woocommerce_thumbnail size-woocommerce_thumbnail\" alt=\"Tama\u00f1o de la muestra Aceite de achiote\" data-testid=\"product-image\" data-image-id=\"5878\" style=\"object-fit:cover;\" loading=\"lazy\" srcset=\"https:\/\/www.domesticgourmet.com\/wp-content\/smush-webp\/2025\/09\/img_3497-300x300.jpeg.webp 300w, https:\/\/www.domesticgourmet.com\/wp-content\/smush-webp\/2025\/09\/img_3497-150x150.jpeg.webp 150w, https:\/\/www.domesticgourmet.com\/wp-content\/smush-webp\/2025\/09\/img_3497-500x500.jpeg.webp 500w, https:\/\/www.domesticgourmet.com\/wp-content\/smush-webp\/2025\/09\/img_3497-600x600.jpeg.webp 600w, https:\/\/www.domesticgourmet.com\/wp-content\/smush-webp\/2025\/09\/img_3497-100x100.jpeg.webp 100w\" sizes=\"auto, (max-width: 300px) 100vw, 300px\" \/><div class=\"wc-block-components-product-image__inner-container\">\n\n<\/div><\/a><\/div>\n\n<h2 style=\"line-height:1.4; margin-bottom:0.75rem;margin-top:0;\" class=\"has-text-align-center wp-block-post-title has-medium-font-size\"><a data-wp-on--click=\"woocommerce\/product-collection::actions.viewProduct\" href=\"https:\/\/www.domesticgourmet.com\/es\/product\/tamano-de-la-muestra-aceite-de-achiote\/\" target=\"_self\" >Tama\u00f1o de la muestra Aceite de achiote<\/a><\/h2>\n\n<div data-block-name=\"woocommerce\/product-price\" data-font-size=\"small\" data-is-descendent-of-query-loop=\"true\" data-text-align=\"center\" class=\"has-font-size has-small-font-size has-text-align-center wp-block-woocommerce-product-price has-small-font-size\" ><div class=\"wc-block-components-product-price wc-block-grid__product-price\" >\n\t\t\t\t\t<span class=\"woocommerce-Price-amount amount\"><bdi><span class=\"woocommerce-Price-currencySymbol\">&#36;<\/span>3.50<\/bdi><\/span>\n\t\t\t\t<\/div><\/div>\n\n<div data-block-name=\"woocommerce\/product-button\" data-font-size=\"small\" data-is-descendent-of-query-loop=\"true\" data-text-align=\"center\" class=\"wp-block-button wc-block-components-product-button   align-center wp-block-woocommerce-product-button has-small-font-size\"\n\t\t\t\t\t\n\t\t\t\t\tdata-wp-context='{\"quantityToAdd\":1,\"productId\":5916,\"productType\":\"simple\",\"addToCartText\":\"A\\u00f1adir al carrito\",\"tempQuantity\":0,\"animationStatus\":\"IDLE\",\"inTheCartText\":\"### en el carrito\",\"noticeId\":\"\",\"hasPressedButton\":false}'\n\t\t\t\t>\n\t\t\t\t\t<a\n\t\t\t\t\t\tclass=\"wp-block-button__link wp-element-button wc-block-components-product-button__button add_to_cart_button product_type_simple has-font-size has-small-font-size has-text-align-center wc-interactive\"\n\t\t\t\t\t\tstyle=\"\"\n\t\t\t\t\t\thref=\"\/es\/wp-json\/wp\/v2\/posts\/5743?add-to-cart=5916\" rel=\"nofollow\" data-product_id=\"5916\" data-product_sku=\"\" aria-label=\"A\u00f1adir al carrito: &ldquo;Tama\u00f1o de la muestra Aceite de achiote&rdquo;\"\n\t\t\t\t\t\tdata-wp-on--click=\"woocommerce\/product-collection::actions.viewProduct\"\n\t\t\t\t\t>\n\t\t\t\t\t<span >A\u00f1adir al carrito<\/span>\n\t\t\t\t\t<\/a>\n\t\t\t\t\t\n\t\t\t\t<\/div>\n\n\t\t\t\t<\/li><li class=\"wc-block-product post-6791 product type-product status-publish has-post-thumbnail product_cat-especias first onbackorder taxable shipping-taxable purchasable product-type-simple\"\n\t\t\t\t\t\n\t\t\t\tdata-wp-interactive=\"woocommerce\/product-collection\"\n\t\t\t\tdata-wp-context='{\"productId\":6791}'\n\t\t\t\tdata-wp-key=\"product-item-6791\"\n\t\t\t\n\t\t\t\t>\n\t\t\t\t\t\n<div data-block-name=\"woocommerce\/product-image\" data-image-sizing=\"thumbnail\" data-is-descendent-of-query-loop=\"true\" data-show-sale-badge=\"false\" class=\"wc-block-components-product-image wc-block-grid__product-image wc-block-components-product-image--aspect-ratio-auto wp-block-woocommerce-product-image\"><a href=\"https:\/\/www.domesticgourmet.com\/es\/product\/duo-de-adobo-organico-y-sazon-organico\/\" style=\"\" data-wp-on--click=\"woocommerce\/product-collection::actions.viewProduct\"><img decoding=\"async\" width=\"300\" height=\"300\" src=\"https:\/\/www.domesticgourmet.com\/wp-content\/smush-webp\/2025\/12\/Spice-Duo-300x300.png.webp\" class=\"attachment-woocommerce_thumbnail size-woocommerce_thumbnail\" alt=\"D\u00fao de adobo org\u00e1nico y sazonador org\u00e1nico de Domestic Gourmet\" data-testid=\"product-image\" data-image-id=\"6790\" style=\"object-fit:cover;\" loading=\"lazy\" srcset=\"https:\/\/www.domesticgourmet.com\/wp-content\/smush-webp\/2025\/12\/Spice-Duo-300x300.png.webp 300w, https:\/\/www.domesticgourmet.com\/wp-content\/smush-webp\/2025\/12\/Spice-Duo-150x150.png.webp 150w, https:\/\/www.domesticgourmet.com\/wp-content\/smush-webp\/2025\/12\/Spice-Duo-500x500.png.webp 500w, https:\/\/www.domesticgourmet.com\/wp-content\/smush-webp\/2025\/12\/Spice-Duo-600x600.png.webp 600w, https:\/\/www.domesticgourmet.com\/wp-content\/smush-webp\/2025\/12\/Spice-Duo-100x100.png.webp 100w\" sizes=\"auto, (max-width: 300px) 100vw, 300px\" \/><div class=\"wc-block-components-product-image__inner-container\">\n\n<\/div><\/a><\/div>\n\n<h2 style=\"line-height:1.4; margin-bottom:0.75rem;margin-top:0;\" class=\"has-text-align-center wp-block-post-title has-medium-font-size\"><a data-wp-on--click=\"woocommerce\/product-collection::actions.viewProduct\" href=\"https:\/\/www.domesticgourmet.com\/es\/product\/duo-de-adobo-organico-y-sazon-organico\/\" target=\"_self\" >D\u00fao de Adobo Org\u00e1nico y Saz\u00f3n Org\u00e1nico<\/a><\/h2>\n\n<div data-block-name=\"woocommerce\/product-price\" data-font-size=\"small\" data-is-descendent-of-query-loop=\"true\" data-text-align=\"center\" class=\"has-font-size has-small-font-size has-text-align-center wp-block-woocommerce-product-price has-small-font-size\" ><div class=\"wc-block-components-product-price wc-block-grid__product-price\" >\n\t\t\t\t\t<span class=\"woocommerce-Price-amount amount\"><bdi><span class=\"woocommerce-Price-currencySymbol\">&#36;<\/span>20.00<\/bdi><\/span>\n\t\t\t\t<\/div><\/div>\n\n<div data-block-name=\"woocommerce\/product-button\" data-font-size=\"small\" data-is-descendent-of-query-loop=\"true\" data-text-align=\"center\" class=\"wp-block-button wc-block-components-product-button   align-center wp-block-woocommerce-product-button has-small-font-size\"\n\t\t\t\t\t\n\t\t\t\t\tdata-wp-context='{\"quantityToAdd\":1,\"productId\":6791,\"productType\":\"simple\",\"addToCartText\":\"A\\u00f1adir al carrito\",\"tempQuantity\":0,\"animationStatus\":\"IDLE\",\"inTheCartText\":\"### en el carrito\",\"noticeId\":\"\",\"hasPressedButton\":false}'\n\t\t\t\t>\n\t\t\t\t\t<a\n\t\t\t\t\t\tclass=\"wp-block-button__link wp-element-button wc-block-components-product-button__button add_to_cart_button product_type_simple has-font-size has-small-font-size has-text-align-center wc-interactive\"\n\t\t\t\t\t\tstyle=\"\"\n\t\t\t\t\t\thref=\"\/es\/wp-json\/wp\/v2\/posts\/5743?add-to-cart=6791\" rel=\"nofollow\" data-product_id=\"6791\" data-product_sku=\"\" aria-label=\"A\u00f1adir al carrito: &ldquo;D\u00fao de Adobo Org\u00e1nico y Saz\u00f3n Org\u00e1nico&rdquo;\"\n\t\t\t\t\t\tdata-wp-on--click=\"woocommerce\/product-collection::actions.viewProduct\"\n\t\t\t\t\t>\n\t\t\t\t\t<span >A\u00f1adir al carrito<\/span>\n\t\t\t\t\t<\/a>\n\t\t\t\t\t\n\t\t\t\t<\/div>\n\n\t\t\t\t<\/li><li class=\"wc-block-product post-5925 product type-product status-publish has-post-thumbnail product_cat-bateria-de-cocina  instock taxable shipping-taxable purchasable product-type-simple\"\n\t\t\t\t\t\n\t\t\t\tdata-wp-interactive=\"woocommerce\/product-collection\"\n\t\t\t\tdata-wp-context='{\"productId\":5925}'\n\t\t\t\tdata-wp-key=\"product-item-5925\"\n\t\t\t\n\t\t\t\t>\n\t\t\t\t\t\n<div data-block-name=\"woocommerce\/product-image\" data-image-sizing=\"thumbnail\" data-is-descendent-of-query-loop=\"true\" data-show-sale-badge=\"false\" class=\"wc-block-components-product-image wc-block-grid__product-image wc-block-components-product-image--aspect-ratio-auto wp-block-woocommerce-product-image\"><a href=\"https:\/\/www.domesticgourmet.com\/es\/product\/hilo-para-pasteles-cordel-de-carnicero\/\" style=\"\" data-wp-on--click=\"woocommerce\/product-collection::actions.viewProduct\"><img decoding=\"async\" width=\"300\" height=\"300\" src=\"https:\/\/www.domesticgourmet.com\/wp-content\/smush-webp\/2025\/10\/IMG_4516-300x300.jpg.webp\" class=\"attachment-woocommerce_thumbnail size-woocommerce_thumbnail\" alt=\"Paquete de papel para pasteles y cordel de carnicero de primera calidad de Domestic Gourmet.\" data-testid=\"product-image\" data-image-id=\"6785\" style=\"object-fit:cover;\" loading=\"lazy\" srcset=\"https:\/\/www.domesticgourmet.com\/wp-content\/smush-webp\/2025\/10\/IMG_4516-300x300.jpg.webp 300w, https:\/\/www.domesticgourmet.com\/wp-content\/smush-webp\/2025\/10\/IMG_4516-150x150.jpg.webp 150w, https:\/\/www.domesticgourmet.com\/wp-content\/smush-webp\/2025\/10\/IMG_4516-500x500.jpg.webp 500w, https:\/\/www.domesticgourmet.com\/wp-content\/smush-webp\/2025\/10\/IMG_4516-600x600.jpg.webp 600w, https:\/\/www.domesticgourmet.com\/wp-content\/smush-webp\/2025\/10\/IMG_4516-100x100.jpg.webp 100w\" sizes=\"auto, (max-width: 300px) 100vw, 300px\" \/><div class=\"wc-block-components-product-image__inner-container\">\n\n<\/div><\/a><\/div>\n\n<h2 style=\"line-height:1.4; margin-bottom:0.75rem;margin-top:0;\" class=\"has-text-align-center wp-block-post-title has-medium-font-size\"><a data-wp-on--click=\"woocommerce\/product-collection::actions.viewProduct\" href=\"https:\/\/www.domesticgourmet.com\/es\/product\/hilo-para-pasteles-cordel-de-carnicero\/\" target=\"_self\" >Paquete de papel para pasteles de primera calidad e hilo de carnicero.<\/a><\/h2>\n\n<div data-block-name=\"woocommerce\/product-price\" data-font-size=\"small\" data-is-descendent-of-query-loop=\"true\" data-text-align=\"center\" class=\"has-font-size has-small-font-size has-text-align-center wp-block-woocommerce-product-price has-small-font-size\" ><div class=\"wc-block-components-product-price wc-block-grid__product-price\" >\n\t\t\t\t\t<span class=\"woocommerce-Price-amount amount\"><bdi><span class=\"woocommerce-Price-currencySymbol\">&#36;<\/span>12.49<\/bdi><\/span>\n\t\t\t\t<\/div><\/div>\n\n<div data-block-name=\"woocommerce\/product-button\" data-font-size=\"small\" data-is-descendent-of-query-loop=\"true\" data-text-align=\"center\" class=\"wp-block-button wc-block-components-product-button   align-center wp-block-woocommerce-product-button has-small-font-size\"\n\t\t\t\t\t\n\t\t\t\t\tdata-wp-context='{\"quantityToAdd\":1,\"productId\":5925,\"productType\":\"simple\",\"addToCartText\":\"A\\u00f1adir al carrito\",\"tempQuantity\":0,\"animationStatus\":\"IDLE\",\"inTheCartText\":\"### en el carrito\",\"noticeId\":\"\",\"hasPressedButton\":false}'\n\t\t\t\t>\n\t\t\t\t\t<a\n\t\t\t\t\t\tclass=\"wp-block-button__link wp-element-button wc-block-components-product-button__button add_to_cart_button product_type_simple has-font-size has-small-font-size has-text-align-center wc-interactive\"\n\t\t\t\t\t\tstyle=\"\"\n\t\t\t\t\t\thref=\"\/es\/wp-json\/wp\/v2\/posts\/5743?add-to-cart=5925\" rel=\"nofollow\" data-product_id=\"5925\" data-product_sku=\"\" aria-label=\"A\u00f1adir al carrito: &ldquo;Paquete de papel para pasteles de primera calidad e hilo de carnicero.&rdquo;\"\n\t\t\t\t\t\tdata-wp-on--click=\"woocommerce\/product-collection::actions.viewProduct\"\n\t\t\t\t\t>\n\t\t\t\t\t<span >A\u00f1adir al carrito<\/span>\n\t\t\t\t\t<\/a>\n\t\t\t\t\t\n\t\t\t\t<\/div>\n\n\t\t\t\t<\/li><li class=\"wc-block-product post-5939 product type-product status-publish has-post-thumbnail product_cat-aceites product_cat-especias  instock taxable shipping-taxable purchasable product-type-simple\"\n\t\t\t\t\t\n\t\t\t\tdata-wp-interactive=\"woocommerce\/product-collection\"\n\t\t\t\tdata-wp-context='{\"productId\":5939}'\n\t\t\t\tdata-wp-key=\"product-item-5939\"\n\t\t\t\n\t\t\t\t>\n\t\t\t\t\t\n<div data-block-name=\"woocommerce\/product-image\" data-image-sizing=\"thumbnail\" data-is-descendent-of-query-loop=\"true\" data-show-sale-badge=\"false\" class=\"wc-block-components-product-image wc-block-grid__product-image wc-block-components-product-image--aspect-ratio-auto wp-block-woocommerce-product-image\"><a href=\"https:\/\/www.domesticgourmet.com\/es\/product\/caja-regalo-reina-de-noche-buena\/\" style=\"\" data-wp-on--click=\"woocommerce\/product-collection::actions.viewProduct\"><img decoding=\"async\" width=\"300\" height=\"300\" src=\"https:\/\/www.domesticgourmet.com\/wp-content\/smush-webp\/2025\/10\/Queen-of-Noche-Buena-Pic-300x300.jpg.webp\" class=\"attachment-woocommerce_thumbnail size-woocommerce_thumbnail\" alt=\"La Caja Regalo Reina de Noche Buena contiene Aceite de Achiote Ecol\u00f3gico Domestic Gourmet - Aceite de Achiote, Adobo Ecol\u00f3gico y Saz\u00f3n Ecol\u00f3gico\" data-testid=\"product-image\" data-image-id=\"5998\" style=\"object-fit:cover;\" loading=\"lazy\" srcset=\"https:\/\/www.domesticgourmet.com\/wp-content\/smush-webp\/2025\/10\/Queen-of-Noche-Buena-Pic-300x300.jpg.webp 300w, https:\/\/www.domesticgourmet.com\/wp-content\/smush-webp\/2025\/10\/Queen-of-Noche-Buena-Pic-150x150.jpg.webp 150w, https:\/\/www.domesticgourmet.com\/wp-content\/smush-webp\/2025\/10\/Queen-of-Noche-Buena-Pic-500x500.jpg.webp 500w, https:\/\/www.domesticgourmet.com\/wp-content\/smush-webp\/2025\/10\/Queen-of-Noche-Buena-Pic-600x600.jpg.webp 600w, https:\/\/www.domesticgourmet.com\/wp-content\/smush-webp\/2025\/10\/Queen-of-Noche-Buena-Pic-100x100.jpg.webp 100w\" sizes=\"auto, (max-width: 300px) 100vw, 300px\" \/><div class=\"wc-block-components-product-image__inner-container\">\n\n<\/div><\/a><\/div>\n\n<h2 style=\"line-height:1.4; margin-bottom:0.75rem;margin-top:0;\" class=\"has-text-align-center wp-block-post-title has-medium-font-size\"><a data-wp-on--click=\"woocommerce\/product-collection::actions.viewProduct\" href=\"https:\/\/www.domesticgourmet.com\/es\/product\/caja-regalo-reina-de-noche-buena\/\" target=\"_self\" >Caja regalo Reina de Noche Buena<\/a><\/h2>\n\n<div data-block-name=\"woocommerce\/product-price\" data-font-size=\"small\" data-is-descendent-of-query-loop=\"true\" data-text-align=\"center\" class=\"has-font-size has-small-font-size has-text-align-center wp-block-woocommerce-product-price has-small-font-size\" ><div class=\"wc-block-components-product-price wc-block-grid__product-price\" >\n\t\t\t\t\t<span class=\"woocommerce-Price-amount amount\"><bdi><span class=\"woocommerce-Price-currencySymbol\">&#36;<\/span>50.85<\/bdi><\/span>\n\t\t\t\t<\/div><\/div>\n\n<div data-block-name=\"woocommerce\/product-button\" data-font-size=\"small\" data-is-descendent-of-query-loop=\"true\" data-text-align=\"center\" class=\"wp-block-button wc-block-components-product-button   align-center wp-block-woocommerce-product-button has-small-font-size\"\n\t\t\t\t\t\n\t\t\t\t\tdata-wp-context='{\"quantityToAdd\":1,\"productId\":5939,\"productType\":\"simple\",\"addToCartText\":\"A\\u00f1adir al carrito\",\"tempQuantity\":0,\"animationStatus\":\"IDLE\",\"inTheCartText\":\"### en el carrito\",\"noticeId\":\"\",\"hasPressedButton\":false}'\n\t\t\t\t>\n\t\t\t\t\t<a\n\t\t\t\t\t\tclass=\"wp-block-button__link wp-element-button wc-block-components-product-button__button add_to_cart_button product_type_simple has-font-size has-small-font-size has-text-align-center wc-interactive\"\n\t\t\t\t\t\tstyle=\"\"\n\t\t\t\t\t\thref=\"\/es\/wp-json\/wp\/v2\/posts\/5743?add-to-cart=5939\" rel=\"nofollow\" data-product_id=\"5939\" data-product_sku=\"\" aria-label=\"A\u00f1adir al carrito: &ldquo;Caja regalo Reina de Noche Buena&rdquo;\"\n\t\t\t\t\t\tdata-wp-on--click=\"woocommerce\/product-collection::actions.viewProduct\"\n\t\t\t\t\t>\n\t\t\t\t\t<span >A\u00f1adir al carrito<\/span>\n\t\t\t\t\t<\/a>\n\t\t\t\t\t\n\t\t\t\t<\/div>\n\n\t\t\t\t<\/li><li class=\"wc-block-product post-5921 product type-product status-publish has-post-thumbnail product_cat-bateria-de-cocina last instock taxable shipping-taxable purchasable product-type-simple\"\n\t\t\t\t\t\n\t\t\t\tdata-wp-interactive=\"woocommerce\/product-collection\"\n\t\t\t\tdata-wp-context='{\"productId\":5921}'\n\t\t\t\tdata-wp-key=\"product-item-5921\"\n\t\t\t\n\t\t\t\t>\n\t\t\t\t\t\n<div data-block-name=\"woocommerce\/product-image\" data-image-sizing=\"thumbnail\" data-is-descendent-of-query-loop=\"true\" data-show-sale-badge=\"false\" class=\"wc-block-components-product-image wc-block-grid__product-image wc-block-components-product-image--aspect-ratio-auto wp-block-woocommerce-product-image\"><a href=\"https:\/\/www.domesticgourmet.com\/es\/product\/papel-para-pasteles-papel-para-envolver-pasteles\/\" style=\"\" data-wp-on--click=\"woocommerce\/product-collection::actions.viewProduct\"><img decoding=\"async\" width=\"300\" height=\"300\" src=\"https:\/\/www.domesticgourmet.com\/wp-content\/smush-webp\/2025\/10\/pasteles-paper-300x300.jpg.webp\" class=\"attachment-woocommerce_thumbnail size-woocommerce_thumbnail\" alt=\"Papel para Pasteles - Papel para Pasteles\" data-testid=\"product-image\" data-image-id=\"5918\" style=\"object-fit:cover;\" loading=\"lazy\" srcset=\"https:\/\/www.domesticgourmet.com\/wp-content\/smush-webp\/2025\/10\/pasteles-paper-300x300.jpg.webp 300w, https:\/\/www.domesticgourmet.com\/wp-content\/smush-webp\/2025\/10\/pasteles-paper-150x150.jpg.webp 150w, https:\/\/www.domesticgourmet.com\/wp-content\/smush-webp\/2025\/10\/pasteles-paper-500x500.jpg.webp 500w, https:\/\/www.domesticgourmet.com\/wp-content\/smush-webp\/2025\/10\/pasteles-paper-600x600.jpg.webp 600w, https:\/\/www.domesticgourmet.com\/wp-content\/smush-webp\/2025\/10\/pasteles-paper-100x100.jpg.webp 100w\" sizes=\"auto, (max-width: 300px) 100vw, 300px\" \/><div class=\"wc-block-components-product-image__inner-container\">\n\n<\/div><\/a><\/div>\n\n<h2 style=\"line-height:1.4; margin-bottom:0.75rem;margin-top:0;\" class=\"has-text-align-center wp-block-post-title has-medium-font-size\"><a data-wp-on--click=\"woocommerce\/product-collection::actions.viewProduct\" href=\"https:\/\/www.domesticgourmet.com\/es\/product\/papel-para-pasteles-papel-para-envolver-pasteles\/\" target=\"_self\" >Papel Para Pasteles &#8211; Papel para Envolver Pasteles<\/a><\/h2>\n\n<div data-block-name=\"woocommerce\/product-price\" data-font-size=\"small\" data-is-descendent-of-query-loop=\"true\" data-text-align=\"center\" class=\"has-font-size has-small-font-size has-text-align-center wp-block-woocommerce-product-price has-small-font-size\" ><div class=\"wc-block-components-product-price wc-block-grid__product-price\" >\n\t\t\t\t\t<span class=\"woocommerce-Price-amount amount\"><bdi><span class=\"woocommerce-Price-currencySymbol\">&#36;<\/span>9.49<\/bdi><\/span>\n\t\t\t\t<\/div><\/div>\n\n<div data-block-name=\"woocommerce\/product-button\" data-font-size=\"small\" data-is-descendent-of-query-loop=\"true\" data-text-align=\"center\" class=\"wp-block-button wc-block-components-product-button   align-center wp-block-woocommerce-product-button has-small-font-size\"\n\t\t\t\t\t\n\t\t\t\t\tdata-wp-context='{\"quantityToAdd\":1,\"productId\":5921,\"productType\":\"simple\",\"addToCartText\":\"A\\u00f1adir al carrito\",\"tempQuantity\":0,\"animationStatus\":\"IDLE\",\"inTheCartText\":\"### en el carrito\",\"noticeId\":\"\",\"hasPressedButton\":false}'\n\t\t\t\t>\n\t\t\t\t\t<a\n\t\t\t\t\t\tclass=\"wp-block-button__link wp-element-button wc-block-components-product-button__button add_to_cart_button product_type_simple has-font-size has-small-font-size has-text-align-center wc-interactive\"\n\t\t\t\t\t\tstyle=\"\"\n\t\t\t\t\t\thref=\"\/es\/wp-json\/wp\/v2\/posts\/5743?add-to-cart=5921\" rel=\"nofollow\" data-product_id=\"5921\" data-product_sku=\"\" aria-label=\"A\u00f1adir al carrito: &ldquo;Papel Para Pasteles - Papel para Envolver Pasteles&rdquo;\"\n\t\t\t\t\t\tdata-wp-on--click=\"woocommerce\/product-collection::actions.viewProduct\"\n\t\t\t\t\t>\n\t\t\t\t\t<span >A\u00f1adir al carrito<\/span>\n\t\t\t\t\t<\/a>\n\t\t\t\t\t\n\t\t\t\t<\/div>\n\n\t\t\t\t<\/li><\/ul><\/div>\n","protected":false},"excerpt":{"rendered":"<p>La chef Ciji Castro comparte la serend\u00edpica historia que hay detr\u00e1s de la filmaci\u00f3n de un microdocumental sobre pasteles con Walk-In Talk Media, mostrando sus ra\u00edces ancestrales y su conmovedora misi\u00f3n culinaria a trav\u00e9s de Domestic Gourmet.<\/p>\n","protected":false},"author":1,"featured_media":5696,"comment_status":"open","ping_status":"open","sticky":false,"template":"template-1-right-sidebar.php","format":"standard","meta":{"wprm-recipe-roundup-name":"","wprm-recipe-roundup-description":"","loftocean_post_primary_category":0,"loftocean_post_format_gallery":"","loftocean_post_format_gallery_ids":"","loftocean_post_format_gallery_urls":"","loftocean_post_format_video_id":0,"loftocean_post_format_video_url":"","loftocean_post_format_video_type":"","loftocean_post_format_video":"","loftocean_post_format_audio_type":"","loftocean_post_format_audio_url":"","loftocean_post_format_audio_id":0,"loftocean_post_format_audio":"","loftocean-featured-post":"","loftocean-like-count":2,"loftocean-view-count":576,"tinysalt_single_post_intro_label":"","tinysalt_single_post_intro_description":"","tinysalt_hide_post_featured_image":"","tinysalt_post_featured_media_position":"","tinysalt_single_site_header_source":"","tinysalt_single_custom_site_header":"0","tinysalt_single_custom_sticky_site_header":"0","tinysalt_single_custom_sticky_site_header_style":"sticky-scroll-up","tinysalt_single_site_footer_source":"","tinysalt_single_custom_site_footer":"0","footnotes":""},"categories":[989],"tags":[],"class_list":["post-5743","post","type-post","status-publish","format-standard","has-post-thumbnail","hentry","category-puertorican-es"],"aioseo_notices":[],"_links":{"self":[{"href":"https:\/\/www.domesticgourmet.com\/es\/wp-json\/wp\/v2\/posts\/5743","targetHints":{"allow":["GET"]}}],"collection":[{"href":"https:\/\/www.domesticgourmet.com\/es\/wp-json\/wp\/v2\/posts"}],"about":[{"href":"https:\/\/www.domesticgourmet.com\/es\/wp-json\/wp\/v2\/types\/post"}],"author":[{"embeddable":true,"href":"https:\/\/www.domesticgourmet.com\/es\/wp-json\/wp\/v2\/users\/1"}],"replies":[{"embeddable":true,"href":"https:\/\/www.domesticgourmet.com\/es\/wp-json\/wp\/v2\/comments?post=5743"}],"version-history":[{"count":4,"href":"https:\/\/www.domesticgourmet.com\/es\/wp-json\/wp\/v2\/posts\/5743\/revisions"}],"predecessor-version":[{"id":6459,"href":"https:\/\/www.domesticgourmet.com\/es\/wp-json\/wp\/v2\/posts\/5743\/revisions\/6459"}],"wp:featuredmedia":[{"embeddable":true,"href":"https:\/\/www.domesticgourmet.com\/es\/wp-json\/wp\/v2\/media\/5696"}],"wp:attachment":[{"href":"https:\/\/www.domesticgourmet.com\/es\/wp-json\/wp\/v2\/media?parent=5743"}],"wp:term":[{"taxonomy":"category","embeddable":true,"href":"https:\/\/www.domesticgourmet.com\/es\/wp-json\/wp\/v2\/categories?post=5743"},{"taxonomy":"post_tag","embeddable":true,"href":"https:\/\/www.domesticgourmet.com\/es\/wp-json\/wp\/v2\/tags?post=5743"}],"curies":[{"name":"wp","href":"https:\/\/api.w.org\/{rel}","templated":true}]}}