{"id":5335,"date":"2021-08-10T19:58:56","date_gmt":"2021-08-11T00:58:56","guid":{"rendered":"https:\/\/www.domesticgourmet.com\/3-ingredientes-hojaldre\/"},"modified":"2025-12-27T21:22:22","modified_gmt":"2025-12-28T02:22:22","slug":"3-ingredientes-hojaldre","status":"publish","type":"post","link":"https:\/\/www.domesticgourmet.com\/es\/3-ingredientes-hojaldre\/","title":{"rendered":"3 Ingredientes Hojaldre"},"content":{"rendered":"\n<p>Hojaldre perfecto para rellenos dulces o salados<\/p>\n\n<h3 class=\"wp-block-heading\"><strong>Hojaldre casero en minutos<\/strong><\/h3>\n\n<p>Olv\u00eddate de la masa comprada en la tienda: esta masa de hojaldre de 3 ingredientes es mantecosa, hojaldrada e incre\u00edblemente f\u00e1cil de hacer. Con s\u00f3lo harina, sal y mantequilla (o la grasa que prefieras), puedes crear una masa vers\u00e1til lista para impresionar. <\/p>\n\n<h3 class=\"wp-block-heading\"><strong>Usa un robot de cocina para ir m\u00e1s r\u00e1pido<\/strong><\/h3>\n\n<p>A\u00f1ade los ingredientes a un robot de cocina, pulsa unas cuantas veces y tendr\u00e1s la masa lista en menos de 5 minutos. Enfr\u00edala una hora en el frigor\u00edfico y estar\u00e1 lista para rodar, literalmente. <\/p>\n\n<h3 class=\"wp-block-heading\"><strong>Hojaldre Perfecto para Empanadas, Tartas y M\u00e1s<\/strong><\/h3>\n\n<p>Tanto si te apetecen pasteles dulces de guayaba, empanadas de pollo o empanadillas de carne, esta masa de hojaldre r\u00e1pida es tu base ideal. Siempre queda dorado y hojaldrado. <\/p>\n\n<h3 class=\"wp-block-heading\">\ud83c\udf3f <strong>Consejo Gourmet Dom\u00e9stico<\/strong><\/h3>\n\n<p>A\u00f1ade una cucharadita de <strong> <strong> <a href=\"https:\/\/www.domesticgourmet.com\/es\/product\/aceite-de-achiote-ecologico\/\" target=\"_blank\" rel=\"noopener\" title=\"\">Aceite de Achiote<\/a><a href=\"https:\/\/www.domesticgourmet.com\/es\/product\/aceite-de-achiote-ecologico\/\" target=\"_blank\" rel=\"noopener\" title=\"\">Ecol\u00f3gico<\/a><\/strong> Domestic Gourmet<\/strong> a la masa para darle un sutil sabor terroso y un bonito tono dorado, especialmente atractivo para la reposter\u00eda salada de inspiraci\u00f3n latina.<\/p>\n\n<p>\u00a1iBuen provecho!<\/p>\n\n<p><em>Seleccionamos de forma independiente todos los productos que presentamos en Domestic Gourmet y es posible que ganemos una comisi\u00f3n de afiliaci\u00f3n cuando compres a trav\u00e9s de los enlaces de este sitio.<\/em><\/p>\n<div id=\"recipe\"><\/div><div id=\"wprm-recipe-container-812\" class=\"wprm-recipe-container\" data-recipe-id=\"812\" data-servings=\"0\"><div class=\"wprm-recipe wprm-recipe-template-tinysalt-recipe\"><div class=\"wprm-recipe-template-ts-container\">\n    <div class=\"wprm-ts-top\">\n        <div class=\"wprm-ts-img\">\n            <div class=\"wprm-recipe-image wprm-block-image-normal\"><img decoding=\"async\" style=\"border-width: 0px;border-style: solid;border-color: #666666;\" width=\"800\" height=\"815\" src=\"https:\/\/www.domesticgourmet.com\/wp-content\/uploads\/2021\/08\/IMG_8749-scaled-e1628621916329.jpeg\" class=\"attachment-800x99999 size-800x99999\" alt=\"\" srcset=\"https:\/\/www.domesticgourmet.com\/wp-content\/uploads\/2021\/08\/IMG_8749-scaled-e1628621916329.jpeg 1017w, https:\/\/www.domesticgourmet.com\/wp-content\/smush-webp\/2021\/08\/IMG_8749-scaled-e1628621916329-600x611.jpeg.webp 600w, https:\/\/www.domesticgourmet.com\/wp-content\/smush-webp\/2021\/08\/IMG_8749-scaled-e1628621916329-294x300.jpeg.webp 294w, https:\/\/www.domesticgourmet.com\/wp-content\/smush-webp\/2021\/08\/IMG_8749-scaled-e1628621916329-1005x1024.jpeg.webp 1005w, https:\/\/www.domesticgourmet.com\/wp-content\/smush-webp\/2021\/08\/IMG_8749-scaled-e1628621916329-768x782.jpeg.webp 768w, https:\/\/www.domesticgourmet.com\/wp-content\/smush-webp\/2021\/08\/IMG_8749-scaled-e1628621916329-780x795.jpeg.webp 780w, https:\/\/www.domesticgourmet.com\/wp-content\/smush-webp\/2021\/08\/IMG_8749-scaled-e1628621916329-550x560.jpeg.webp 550w, https:\/\/www.domesticgourmet.com\/wp-content\/smush-webp\/2021\/08\/IMG_8749-scaled-e1628621916329-370x377.jpeg.webp 370w, https:\/\/www.domesticgourmet.com\/wp-content\/smush-webp\/2021\/08\/IMG_8749-scaled-e1628621916329-255x260.jpeg.webp 255w\" sizes=\"(max-width: 800px) 100vw, 800px\" \/><\/div>\n        <\/div>\n        \n        <div class=\"wprm-ts-buttons\">\n            <a href=\"https:\/\/www.domesticgourmet.com\/es\/wprm_print\/3-ingredient-puff-pastry\" style=\"color: #ffffff;background-color: #ffffff;border-color: #ffffff;border-radius: 100px;padding: 0px 8px;\" class=\"wprm-recipe-print wprm-recipe-link wprm-print-recipe-shortcode wprm-block-text-bold wprm-recipe-print-inline-button wprm-recipe-link-inline-button wprm-color-accent\" data-recipe-id=\"812\" data-template=\"\" target=\"_blank\" rel=\"nofollow\" aria-label=\"Imprimir Receta\"><span class=\"wprm-recipe-icon wprm-recipe-print-icon\"><svg xmlns=\"http:\/\/www.w3.org\/2000\/svg\" xmlns:xlink=\"http:\/\/www.w3.org\/1999\/xlink\" x=\"0px\" y=\"0px\" width=\"16px\" height=\"16px\" viewBox=\"0 0 24 24\"><g ><path fill=\"#000000\" d=\"M19,5.09V1c0-0.552-0.448-1-1-1H6C5.448,0,5,0.448,5,1v4.09C2.167,5.569,0,8.033,0,11v7c0,0.552,0.448,1,1,1h4v4c0,0.552,0.448,1,1,1h12c0.552,0,1-0.448,1-1v-4h4c0.552,0,1-0.448,1-1v-7C24,8.033,21.833,5.569,19,5.09z M7,2h10v3H7V2z M17,22H7v-9h10V22z M18,10c-0.552,0-1-0.448-1-1c0-0.552,0.448-1,1-1s1,0.448,1,1C19,9.552,18.552,10,18,10z\"\/><\/g><\/svg><\/span> <\/a>\n            <a href=\"https:\/\/www.pinterest.com\/pin\/create\/bookmarklet\/?url=https%3A%2F%2Fwww.domesticgourmet.com%2F3-ingredients-puff-pastry%2F&amp;media=https%3A%2F%2Fwww.domesticgourmet.com%2Fwp-content%2Fuploads%2F2021%2F08%2FIMG_8749-scaled-e1628621916329.jpeg&amp;description=3+Ingredient+Puff+Pastry&amp;is_video=false\" target=\"_blank\" rel=\"nofollow noopener\" data-recipe=\"812\" data-url=\"https:\/\/www.domesticgourmet.com\/3-ingredients-puff-pastry\/\" data-media=\"https:\/\/www.domesticgourmet.com\/wp-content\/uploads\/2021\/08\/IMG_8749-scaled-e1628621916329.jpeg\" data-description=\"3 Ingredient Puff Pastry\" data-repin=\"\" role=\"button\" aria-label=\"Fijar la receta\" style=\"color: #ffffff;background-color: #ffffff;border-color: #ffffff;border-radius: 100px;padding: 0px 8px;\" class=\"wprm-recipe-pin wprm-recipe-link wprm-block-text-bold wprm-recipe-pin-inline-button wprm-recipe-link-inline-button wprm-color-accent\"><span class=\"wprm-recipe-icon wprm-recipe-pin-icon\"><svg xmlns=\"http:\/\/www.w3.org\/2000\/svg\" width=\"16\" height=\"16\" viewBox=\"0 0 24 24\"><g class=\"nc-icon-wrapper\" fill=\"#000000\"><path fill=\"#000000\" d=\"M12,0C5.4,0,0,5.4,0,12c0,5.1,3.2,9.4,7.6,11.2c-0.1-0.9-0.2-2.4,0-3.4c0.2-0.9,1.4-6,1.4-6S8.7,13,8.7,12 c0-1.7,1-2.9,2.2-2.9c1,0,1.5,0.8,1.5,1.7c0,1-0.7,2.6-1,4c-0.3,1.2,0.6,2.2,1.8,2.2c2.1,0,3.8-2.2,3.8-5.5c0-2.9-2.1-4.9-5-4.9 c-3.4,0-5.4,2.6-5.4,5.2c0,1,0.4,2.1,0.9,2.7c0.1,0.1,0.1,0.2,0.1,0.3c-0.1,0.4-0.3,1.2-0.3,1.4c-0.1,0.2-0.2,0.3-0.4,0.2 c-1.5-0.7-2.4-2.9-2.4-4.6c0-3.8,2.8-7.3,7.9-7.3c4.2,0,7.4,3,7.4,6.9c0,4.1-2.6,7.5-6.2,7.5c-1.2,0-2.4-0.6-2.8-1.4 c0,0-0.6,2.3-0.7,2.9c-0.3,1-1,2.3-1.5,3.1C9.6,23.8,10.8,24,12,24c6.6,0,12-5.4,12-12C24,5.4,18.6,0,12,0z\"><\/path><\/g><\/svg><\/span> <\/a>\n        <\/div>\n    <\/div>\n    \n    <div class=\"wprm-ts-header\">   \n        \n        <h2 class=\"wprm-recipe-name wprm-block-text-bold\">3 Ingredient Puff Pastry<\/h2>\n        <div class=\"wprm-recipe-summary wprm-block-text-normal\"><span style=\"display: block;\">A flaky, buttery crust to use in a multitude of dishes.<\/span><\/div>\n    <\/div>\n    \n    <div class=\"wprm-ts-main-meta\">\n        \n        <div class=\"wprm-recipe-meta-container wprm-recipe-times-container wprm-recipe-details-container wprm-recipe-details-container-inline wprm-block-text-normal\"><div class=\"wprm-recipe-block-container wprm-recipe-block-container-inline wprm-block-text-normal wprm-recipe-time-container wprm-recipe-prep-time-container\" style=\"\"><span class=\"wprm-recipe-details-label wprm-block-text-bold wprm-recipe-time-label wprm-recipe-prep-time-label\">Tiempo de preparaci\u00f3n <\/span><span class=\"wprm-recipe-time wprm-block-text-normal\"><span class=\"wprm-recipe-details wprm-recipe-details-minutes wprm-recipe-prep_time wprm-recipe-prep_time-minutes\">10<span class=\"sr-only screen-reader-text wprm-screen-reader-text\"> minutos<\/span><\/span> <span class=\"wprm-recipe-details-unit wprm-recipe-details-minutes wprm-recipe-prep_time-unit wprm-recipe-prep_timeunit-minutes\" aria-hidden=\"true\">min<\/span><\/span><\/div><div class=\"wprm-recipe-block-container wprm-recipe-block-container-inline wprm-block-text-normal wprm-recipe-time-container wprm-recipe-custom-time-container\" style=\"\"><span class=\"wprm-recipe-details-label wprm-block-text-bold wprm-recipe-time-label wprm-recipe-custom-time-label\">Resting Time <\/span><span class=\"wprm-recipe-time wprm-block-text-normal\"><span class=\"wprm-recipe-details wprm-recipe-details-hours wprm-recipe-custom_time wprm-recipe-custom_time-hours\">1<span class=\"sr-only screen-reader-text wprm-screen-reader-text\"> hora<\/span><\/span> <span class=\"wprm-recipe-details-unit wprm-recipe-details-unit-hours wprm-recipe-custom_time-unit wprm-recipe-custom_timeunit-hours\" aria-hidden=\"true\">h<\/span><\/span><\/div><div class=\"wprm-recipe-block-container wprm-recipe-block-container-inline wprm-block-text-normal wprm-recipe-time-container wprm-recipe-total-time-container\" style=\"\"><span class=\"wprm-recipe-details-label wprm-block-text-bold wprm-recipe-time-label wprm-recipe-total-time-label\">Tiempo total <\/span><span class=\"wprm-recipe-time wprm-block-text-normal\"><span class=\"wprm-recipe-details wprm-recipe-details-hours wprm-recipe-total_time wprm-recipe-total_time-hours\">1<span class=\"sr-only screen-reader-text wprm-screen-reader-text\"> hora<\/span><\/span> <span class=\"wprm-recipe-details-unit wprm-recipe-details-unit-hours wprm-recipe-total_time-unit wprm-recipe-total_timeunit-hours\" aria-hidden=\"true\">h<\/span> <span class=\"wprm-recipe-details wprm-recipe-details-minutes wprm-recipe-total_time wprm-recipe-total_time-minutes\">10<span class=\"sr-only screen-reader-text wprm-screen-reader-text\"> minutos<\/span><\/span> <span class=\"wprm-recipe-details-unit wprm-recipe-details-minutes wprm-recipe-total_time-unit wprm-recipe-total_timeunit-minutes\" aria-hidden=\"true\">min<\/span><\/span><\/div><\/div>\n    <\/div>\n    \n    <div class=\"wprm-ts-equipment-ingredients\">\n        <div id=\"recipe-812-equipment\" class=\"wprm-recipe-equipment-container wprm-block-text-normal\" data-recipe=\"812\"><h3 class=\"wprm-recipe-header wprm-recipe-equipment-header wprm-block-text-bold wprm-align-left wprm-header-decoration-none\" style=\"\">Equipo<\/h3><ul class=\"wprm-recipe-equipment wprm-recipe-equipment-list\"><li class=\"wprm-recipe-equipment-item\" style=\"list-style-type: disc;\"><div class=\"wprm-recipe-equipment-name\">Food Processor<\/div><\/li><li class=\"wprm-recipe-equipment-item\" style=\"list-style-type: disc;\"><div class=\"wprm-recipe-equipment-name\">Measuring Cups<\/div><\/li><li class=\"wprm-recipe-equipment-item\" style=\"list-style-type: disc;\"><div class=\"wprm-recipe-equipment-name\">Uniform Pastry Rolling Pin 1\/4 inch<\/div><\/li><li class=\"wprm-recipe-equipment-item\" style=\"list-style-type: disc;\"><div class=\"wprm-recipe-equipment-name\">Parchment Paper<\/div><\/li><\/ul><\/div>\n        <div id=\"recipe-812-ingredients\" class=\"wprm-recipe-ingredients-container wprm-recipe-812-ingredients-container wprm-block-text-normal wprm-ingredient-style-regular wprm-recipe-images-before\" data-recipe=\"812\" data-servings=\"0\"><h3 class=\"wprm-recipe-header wprm-recipe-ingredients-header wprm-block-text-bold wprm-align-left wprm-header-decoration-none\" style=\"\">Ingredientes<\/h3><div class=\"wprm-recipe-ingredient-group\"><ul class=\"wprm-recipe-ingredients\"><li class=\"wprm-recipe-ingredient\" style=\"list-style-type: disc;\" data-uid=\"0\"><span class=\"wprm-recipe-ingredient-amount\">2<\/span>&#32;<span class=\"wprm-recipe-ingredient-unit\">cups<\/span>&#32;<span class=\"wprm-recipe-ingredient-name\">all-purpose flour<\/span><\/li><li class=\"wprm-recipe-ingredient\" style=\"list-style-type: disc;\" data-uid=\"1\"><span class=\"wprm-recipe-ingredient-amount\">2\u00bd<\/span>&#32;<span class=\"wprm-recipe-ingredient-unit\">sticks<\/span>&#32;<span class=\"wprm-recipe-ingredient-name\">salted butter cold<\/span>&#32;<span class=\"wprm-recipe-ingredient-notes wprm-recipe-ingredient-notes-faded\">10oz<\/span><\/li><li class=\"wprm-recipe-ingredient\" style=\"list-style-type: disc;\" data-uid=\"2\"><span class=\"wprm-recipe-ingredient-amount\">\u2153<\/span>&#32;<span class=\"wprm-recipe-ingredient-unit\">cup<\/span>&#32;<span class=\"wprm-recipe-ingredient-name\">cold water<\/span><\/li><li class=\"wprm-recipe-ingredient\" style=\"list-style-type: disc;\" data-uid=\"5\"><span class=\"wprm-recipe-ingredient-amount\">1<\/span>&#32;<span class=\"wprm-recipe-ingredient-unit\">tbsp<\/span>&#32;<span class=\"wprm-recipe-ingredient-name\">cold water reserved<\/span>&#32;<span class=\"wprm-recipe-ingredient-notes wprm-recipe-ingredient-notes-faded\">may not be necessary<\/span><\/li><\/ul><\/div><div class=\"wprm-recipe-ingredient-group\"><h4 class=\"wprm-recipe-group-name wprm-recipe-ingredient-group-name wprm-block-text-bold\">Optional:<\/h4><ul class=\"wprm-recipe-ingredients\"><li class=\"wprm-recipe-ingredient\" style=\"list-style-type: disc;\" data-uid=\"7\"><span class=\"wprm-recipe-ingredient-amount\">\u00bd<\/span>&#32;<span class=\"wprm-recipe-ingredient-unit\">tsp<\/span>&#32;<span class=\"wprm-recipe-ingredient-name\">table salt<\/span>&#32;<span class=\"wprm-recipe-ingredient-notes wprm-recipe-ingredient-notes-faded\">use this salt only if using unsalted butter<\/span><\/li><\/ul><\/div><\/div>\n    <\/div>\n    \n    <div class=\"wprm-ts-instructions\">\n        <div id=\"recipe-812-instructions\" class=\"wprm-recipe-instructions-container wprm-recipe-812-instructions-container wprm-block-text-normal\" data-recipe=\"812\"><h3 class=\"wprm-recipe-header wprm-recipe-instructions-header wprm-block-text-bold wprm-align-left wprm-header-decoration-none\" style=\"\">Elaboraci\u00f3n paso a paso<\/h3><div class=\"wprm-recipe-instruction-group\"><ul class=\"wprm-recipe-instructions\"><li id=\"wprm-recipe-812-step-0-0\" class=\"wprm-recipe-instruction\" style=\"list-style-type: decimal;\"><div class=\"wprm-recipe-instruction-text\" style=\"margin-bottom: 20px;\"><span style=\"display: block;\">Cube cold butter into tablespoon sizes.  You should have 20 pats of butter.<\/span><\/div><div class=\"wprm-recipe-instruction-media wprm-recipe-instruction-image\"><img decoding=\"async\" width=\"1024\" height=\"723\" src=\"https:\/\/www.domesticgourmet.com\/wp-content\/smush-webp\/2021\/08\/IMG_8730-scaled-e1628906761330-1024x723.jpeg.webp\" class=\"attachment-large size-large\" alt=\"\" srcset=\"https:\/\/www.domesticgourmet.com\/wp-content\/smush-webp\/2021\/08\/IMG_8730-scaled-e1628906761330-1024x723.jpeg.webp 1024w, https:\/\/www.domesticgourmet.com\/wp-content\/smush-webp\/2021\/08\/IMG_8730-scaled-e1628906761330-600x424.jpeg.webp 600w, https:\/\/www.domesticgourmet.com\/wp-content\/smush-webp\/2021\/08\/IMG_8730-scaled-e1628906761330-300x212.jpeg.webp 300w, https:\/\/www.domesticgourmet.com\/wp-content\/smush-webp\/2021\/08\/IMG_8730-scaled-e1628906761330-768x543.jpeg.webp 768w, https:\/\/www.domesticgourmet.com\/wp-content\/smush-webp\/2021\/08\/IMG_8730-scaled-e1628906761330-1536x1085.jpeg.webp 1536w, https:\/\/www.domesticgourmet.com\/wp-content\/smush-webp\/2021\/08\/IMG_8730-scaled-e1628906761330-1440x1017.jpeg.webp 1440w, https:\/\/www.domesticgourmet.com\/wp-content\/smush-webp\/2021\/08\/IMG_8730-scaled-e1628906761330-1200x848.jpeg.webp 1200w, https:\/\/www.domesticgourmet.com\/wp-content\/smush-webp\/2021\/08\/IMG_8730-scaled-e1628906761330-780x551.jpeg.webp 780w, https:\/\/www.domesticgourmet.com\/wp-content\/smush-webp\/2021\/08\/IMG_8730-scaled-e1628906761330-550x389.jpeg.webp 550w, https:\/\/www.domesticgourmet.com\/wp-content\/smush-webp\/2021\/08\/IMG_8730-scaled-e1628906761330-370x261.jpeg.webp 370w, https:\/\/www.domesticgourmet.com\/wp-content\/smush-webp\/2021\/08\/IMG_8730-scaled-e1628906761330-255x180.jpeg.webp 255w, https:\/\/www.domesticgourmet.com\/wp-content\/uploads\/2021\/08\/IMG_8730-scaled-e1628906761330.jpeg 1676w\" sizes=\"(max-width: 1024px) 100vw, 1024px\" \/><\/div> <\/li><li id=\"wprm-recipe-812-step-0-1\" class=\"wprm-recipe-instruction\" style=\"list-style-type: decimal;\"><div class=\"wprm-recipe-instruction-text\" style=\"margin-bottom: 20px;\"><span style=\"display: block;\">In a food processor, add flour and \u00bd stick of butter (4 cubes) and pulse a half-dozen times.<\/span><\/div><\/li><li id=\"wprm-recipe-812-step-0-2\" class=\"wprm-recipe-instruction\" style=\"list-style-type: decimal;\"><div class=\"wprm-recipe-instruction-text\" style=\"margin-bottom: 20px;\"><span style=\"display: block;\">Add the rest of the butter, spread evenly across the top of the flour and butter mixture in the food processor, and process for 5 seconds.<\/span><\/div><div class=\"wprm-recipe-instruction-media wprm-recipe-instruction-image\"><img decoding=\"async\" width=\"1024\" height=\"578\" src=\"https:\/\/www.domesticgourmet.com\/wp-content\/smush-webp\/2021\/08\/IMG_9148-1024x578.jpeg.webp\" class=\"attachment-large size-large\" alt=\"\" srcset=\"https:\/\/www.domesticgourmet.com\/wp-content\/smush-webp\/2021\/08\/IMG_9148-1024x578.jpeg.webp 1024w, https:\/\/www.domesticgourmet.com\/wp-content\/smush-webp\/2021\/08\/IMG_9148-600x339.jpeg.webp 600w, https:\/\/www.domesticgourmet.com\/wp-content\/smush-webp\/2021\/08\/IMG_9148-300x169.jpeg.webp 300w, https:\/\/www.domesticgourmet.com\/wp-content\/smush-webp\/2021\/08\/IMG_9148-768x433.jpeg.webp 768w, https:\/\/www.domesticgourmet.com\/wp-content\/smush-webp\/2021\/08\/IMG_9148-1536x867.jpeg.webp 1536w, https:\/\/www.domesticgourmet.com\/wp-content\/smush-webp\/2021\/08\/IMG_9148-2048x1156.jpeg.webp 2048w, https:\/\/www.domesticgourmet.com\/wp-content\/smush-webp\/2021\/08\/IMG_9148-480x270.jpeg.webp 480w, https:\/\/www.domesticgourmet.com\/wp-content\/smush-webp\/2021\/08\/IMG_9148-1920x1084.jpeg.webp 1920w, https:\/\/www.domesticgourmet.com\/wp-content\/smush-webp\/2021\/08\/IMG_9148-1440x813.jpeg.webp 1440w, https:\/\/www.domesticgourmet.com\/wp-content\/smush-webp\/2021\/08\/IMG_9148-1200x677.jpeg.webp 1200w, https:\/\/www.domesticgourmet.com\/wp-content\/smush-webp\/2021\/08\/IMG_9148-780x440.jpeg.webp 780w, https:\/\/www.domesticgourmet.com\/wp-content\/smush-webp\/2021\/08\/IMG_9148-550x310.jpeg.webp 550w, https:\/\/www.domesticgourmet.com\/wp-content\/smush-webp\/2021\/08\/IMG_9148-370x209.jpeg.webp 370w, https:\/\/www.domesticgourmet.com\/wp-content\/smush-webp\/2021\/08\/IMG_9148-255x144.jpeg.webp 255w\" sizes=\"(max-width: 1024px) 100vw, 1024px\" \/><\/div> <\/li><li id=\"wprm-recipe-812-step-0-3\" class=\"wprm-recipe-instruction\" style=\"list-style-type: decimal;\"><div class=\"wprm-recipe-instruction-text\" style=\"margin-bottom: 20px;\"><span style=\"display: block;\">Add in the cold water and process until a rough dough ball forms, almost clearing the sides of the food processor.  Expect some smeared butter as it has softened during processing.<\/span><\/div><div class=\"wprm-recipe-instruction-media wprm-recipe-instruction-image\"><img decoding=\"async\" width=\"1024\" height=\"587\" src=\"https:\/\/www.domesticgourmet.com\/wp-content\/smush-webp\/2021\/08\/IMG_9149-1024x587.jpeg.webp\" class=\"attachment-large size-large\" alt=\"\" srcset=\"https:\/\/www.domesticgourmet.com\/wp-content\/smush-webp\/2021\/08\/IMG_9149-1024x587.jpeg.webp 1024w, https:\/\/www.domesticgourmet.com\/wp-content\/smush-webp\/2021\/08\/IMG_9149-600x344.jpeg.webp 600w, https:\/\/www.domesticgourmet.com\/wp-content\/smush-webp\/2021\/08\/IMG_9149-300x172.jpeg.webp 300w, https:\/\/www.domesticgourmet.com\/wp-content\/smush-webp\/2021\/08\/IMG_9149-768x440.jpeg.webp 768w, https:\/\/www.domesticgourmet.com\/wp-content\/smush-webp\/2021\/08\/IMG_9149-1536x880.jpeg.webp 1536w, https:\/\/www.domesticgourmet.com\/wp-content\/smush-webp\/2021\/08\/IMG_9149-2048x1174.jpeg.webp 2048w, https:\/\/www.domesticgourmet.com\/wp-content\/smush-webp\/2021\/08\/IMG_9149-1920x1101.jpeg.webp 1920w, https:\/\/www.domesticgourmet.com\/wp-content\/smush-webp\/2021\/08\/IMG_9149-1440x825.jpeg.webp 1440w, https:\/\/www.domesticgourmet.com\/wp-content\/smush-webp\/2021\/08\/IMG_9149-1200x688.jpeg.webp 1200w, https:\/\/www.domesticgourmet.com\/wp-content\/smush-webp\/2021\/08\/IMG_9149-780x447.jpeg.webp 780w, https:\/\/www.domesticgourmet.com\/wp-content\/smush-webp\/2021\/08\/IMG_9149-550x315.jpeg.webp 550w, https:\/\/www.domesticgourmet.com\/wp-content\/smush-webp\/2021\/08\/IMG_9149-370x212.jpeg.webp 370w, https:\/\/www.domesticgourmet.com\/wp-content\/smush-webp\/2021\/08\/IMG_9149-255x146.jpeg.webp 255w\" sizes=\"(max-width: 1024px) 100vw, 1024px\" \/><\/div> <\/li><li id=\"wprm-recipe-812-step-0-4\" class=\"wprm-recipe-instruction\" style=\"list-style-type: decimal;\"><div class=\"wprm-recipe-instruction-text\" style=\"margin-bottom: 20px;\"><span style=\"display: block;\">Remove dough from the food processor onto a long piece of floured parchment paper.  Roll the dough into a sheet with a floured rolling pin\u2014approximately \u00bc&quot; in thickness. <\/span><\/div><div class=\"wprm-recipe-instruction-media wprm-recipe-instruction-image\"><img decoding=\"async\" width=\"1024\" height=\"768\" src=\"https:\/\/www.domesticgourmet.com\/wp-content\/smush-webp\/2021\/08\/IMG_9153-1024x768.jpg.webp\" class=\"attachment-large size-large\" alt=\"\" srcset=\"https:\/\/www.domesticgourmet.com\/wp-content\/smush-webp\/2021\/08\/IMG_9153-1024x768.jpg.webp 1024w, https:\/\/www.domesticgourmet.com\/wp-content\/smush-webp\/2021\/08\/IMG_9153-600x450.jpg.webp 600w, https:\/\/www.domesticgourmet.com\/wp-content\/smush-webp\/2021\/08\/IMG_9153-300x225.jpg.webp 300w, https:\/\/www.domesticgourmet.com\/wp-content\/smush-webp\/2021\/08\/IMG_9153-768x576.jpg.webp 768w, https:\/\/www.domesticgourmet.com\/wp-content\/smush-webp\/2021\/08\/IMG_9153-1536x1152.jpg.webp 1536w, https:\/\/www.domesticgourmet.com\/wp-content\/smush-webp\/2021\/08\/IMG_9153-2048x1536.jpg.webp 2048w, https:\/\/www.domesticgourmet.com\/wp-content\/smush-webp\/2021\/08\/IMG_9153-500x375.jpg.webp 500w, https:\/\/www.domesticgourmet.com\/wp-content\/smush-webp\/2021\/08\/IMG_9153-1920x1440.jpg.webp 1920w, https:\/\/www.domesticgourmet.com\/wp-content\/smush-webp\/2021\/08\/IMG_9153-1440x1080.jpg.webp 1440w, https:\/\/www.domesticgourmet.com\/wp-content\/smush-webp\/2021\/08\/IMG_9153-1200x900.jpg.webp 1200w, https:\/\/www.domesticgourmet.com\/wp-content\/smush-webp\/2021\/08\/IMG_9153-780x585.jpg.webp 780w, https:\/\/www.domesticgourmet.com\/wp-content\/smush-webp\/2021\/08\/IMG_9153-550x413.jpg.webp 550w, https:\/\/www.domesticgourmet.com\/wp-content\/smush-webp\/2021\/08\/IMG_9153-370x278.jpg.webp 370w, https:\/\/www.domesticgourmet.com\/wp-content\/smush-webp\/2021\/08\/IMG_9153-255x191.jpg.webp 255w\" sizes=\"(max-width: 1024px) 100vw, 1024px\" \/><\/div> <\/li><li id=\"wprm-recipe-812-step-0-5\" class=\"wprm-recipe-instruction\" style=\"list-style-type: decimal;\"><div class=\"wprm-recipe-instruction-text\" style=\"margin-bottom: 20px;\"><span style=\"display: block;\">Lightly flour the top of the puff pastry dough and cover with another piece of parchment paper.<\/span><\/div><\/li><li id=\"wprm-recipe-812-step-0-6\" class=\"wprm-recipe-instruction\" style=\"list-style-type: decimal;\"><div class=\"wprm-recipe-instruction-text\" style=\"margin-bottom: 20px;\"><span style=\"display: block;\">With one piece of parchment paper on the bottom of the puff pastry dough and one piece on top, fold the dough into thirds (like a letter before putting it into an envelope). <\/span><\/div><div class=\"wprm-recipe-instruction-media wprm-recipe-instruction-image\"><img decoding=\"async\" width=\"1024\" height=\"677\" src=\"https:\/\/www.domesticgourmet.com\/wp-content\/smush-webp\/2021\/08\/IMG_9157-1024x677.jpeg.webp\" class=\"attachment-large size-large\" alt=\"Folding puff pastry\" srcset=\"https:\/\/www.domesticgourmet.com\/wp-content\/smush-webp\/2021\/08\/IMG_9157-1024x677.jpeg.webp 1024w, https:\/\/www.domesticgourmet.com\/wp-content\/smush-webp\/2021\/08\/IMG_9157-600x397.jpeg.webp 600w, https:\/\/www.domesticgourmet.com\/wp-content\/smush-webp\/2021\/08\/IMG_9157-300x198.jpeg.webp 300w, https:\/\/www.domesticgourmet.com\/wp-content\/smush-webp\/2021\/08\/IMG_9157-768x508.jpeg.webp 768w, https:\/\/www.domesticgourmet.com\/wp-content\/smush-webp\/2021\/08\/IMG_9157-1536x1016.jpeg.webp 1536w, https:\/\/www.domesticgourmet.com\/wp-content\/smush-webp\/2021\/08\/IMG_9157-1920x1270.jpeg.webp 1920w, https:\/\/www.domesticgourmet.com\/wp-content\/smush-webp\/2021\/08\/IMG_9157-1440x953.jpeg.webp 1440w, https:\/\/www.domesticgourmet.com\/wp-content\/smush-webp\/2021\/08\/IMG_9157-1200x794.jpeg.webp 1200w, https:\/\/www.domesticgourmet.com\/wp-content\/smush-webp\/2021\/08\/IMG_9157-780x516.jpeg.webp 780w, https:\/\/www.domesticgourmet.com\/wp-content\/smush-webp\/2021\/08\/IMG_9157-550x364.jpeg.webp 550w, https:\/\/www.domesticgourmet.com\/wp-content\/smush-webp\/2021\/08\/IMG_9157-370x245.jpeg.webp 370w, https:\/\/www.domesticgourmet.com\/wp-content\/smush-webp\/2021\/08\/IMG_9157-255x169.jpeg.webp 255w, https:\/\/www.domesticgourmet.com\/wp-content\/uploads\/2021\/08\/IMG_9157.jpeg 1941w\" sizes=\"(max-width: 1024px) 100vw, 1024px\" \/><\/div> <\/li><li id=\"wprm-recipe-812-step-0-7\" class=\"wprm-recipe-instruction\" style=\"list-style-type: decimal;\"><div class=\"wprm-recipe-instruction-text\" style=\"margin-bottom: 20px;\"><span style=\"display: block;\">Cover with plastic wrap, so the dough doesn&#39;t dry out, and place inside the refrigerator to rest for approximately 1 hour. <\/span><div class=\"wprm-spacer\"><\/div><span style=\"display: block;\"><em><strong>At this point, you can freeze instead of refrigerating, keeping well for up to 6 months.  <\/strong><\/em><\/span><\/div><div class=\"wprm-recipe-instruction-media wprm-recipe-instruction-image\"><img decoding=\"async\" width=\"1024\" height=\"556\" src=\"https:\/\/www.domesticgourmet.com\/wp-content\/smush-webp\/2021\/08\/IMG_9155-1024x556.jpg.webp\" class=\"attachment-large size-large\" alt=\"\" srcset=\"https:\/\/www.domesticgourmet.com\/wp-content\/smush-webp\/2021\/08\/IMG_9155-1024x556.jpg.webp 1024w, https:\/\/www.domesticgourmet.com\/wp-content\/smush-webp\/2021\/08\/IMG_9155-600x326.jpg.webp 600w, https:\/\/www.domesticgourmet.com\/wp-content\/smush-webp\/2021\/08\/IMG_9155-300x163.jpg.webp 300w, https:\/\/www.domesticgourmet.com\/wp-content\/smush-webp\/2021\/08\/IMG_9155-768x417.jpg.webp 768w, https:\/\/www.domesticgourmet.com\/wp-content\/smush-webp\/2021\/08\/IMG_9155-1536x833.jpg.webp 1536w, https:\/\/www.domesticgourmet.com\/wp-content\/smush-webp\/2021\/08\/IMG_9155-2048x1111.jpg.webp 2048w, https:\/\/www.domesticgourmet.com\/wp-content\/smush-webp\/2021\/08\/IMG_9155-1920x1042.jpg.webp 1920w, https:\/\/www.domesticgourmet.com\/wp-content\/smush-webp\/2021\/08\/IMG_9155-1440x781.jpg.webp 1440w, https:\/\/www.domesticgourmet.com\/wp-content\/smush-webp\/2021\/08\/IMG_9155-1200x651.jpg.webp 1200w, https:\/\/www.domesticgourmet.com\/wp-content\/smush-webp\/2021\/08\/IMG_9155-780x423.jpg.webp 780w, https:\/\/www.domesticgourmet.com\/wp-content\/smush-webp\/2021\/08\/IMG_9155-550x298.jpg.webp 550w, https:\/\/www.domesticgourmet.com\/wp-content\/smush-webp\/2021\/08\/IMG_9155-370x201.jpg.webp 370w, https:\/\/www.domesticgourmet.com\/wp-content\/smush-webp\/2021\/08\/IMG_9155-255x138.jpg.webp 255w\" sizes=\"(max-width: 1024px) 100vw, 1024px\" \/><\/div> <\/li><li id=\"wprm-recipe-812-step-0-8\" class=\"wprm-recipe-instruction\" style=\"list-style-type: decimal;\"><div class=\"wprm-recipe-instruction-text\" style=\"margin-bottom: 20px;\"><span style=\"display: block;\">Once the puff pastry dough has rested in the refrigerator, it is ready to use.  <\/span><\/div><\/li><\/ul><\/div><\/div>\n        <div id=\"recipe-video\"><\/div>\n    <\/div>\n    \n    <div id=\"recipe-812-notes\" class=\"wprm-recipe-notes-container wprm-block-text-normal\"><h3 class=\"wprm-recipe-header wprm-recipe-notes-header wprm-block-text-bold wprm-align-left wprm-header-decoration-none\" style=\"\">Notas<\/h3><div class=\"wprm-recipe-notes\"><span style=\"display: block;\"><strong>How to include your child(ren):\u00a0\u00a0<\/strong>This recipe is simple enough for the youngest chef(s) to execute with adult supervision.\u00a0 It is excellent practice for sharpening those listening skills and learning how to follow directions.\u00a0 Read aloud the instructions and help guide them through the steps.\u00a0<\/span><div class=\"wprm-spacer\"><\/div>\n<span style=\"display: block;\">Some children may execute the entire recipe by themselves, but the younger ones may need help, especially with the rolling out portion.\u00a0 If the dough gets too soft and unmanageable while rolling out, just pop it in the freezer for a few minutes to harden and continue on.<\/span><\/div><\/div>\n    \n    <div class=\"wprm-ts-meta\">\n        \n        \n        \n        <div class=\"wprm-recipe-meta-container wprm-recipe-tags-container wprm-recipe-details-container wprm-recipe-details-container-inline wprm-block-text-normal\"><div class=\"wprm-recipe-block-container wprm-recipe-block-container-inline wprm-block-text-normal wprm-recipe-tag-container wprm-recipe-cuisine-container\" style=\"\"><span class=\"wprm-recipe-icon wprm-recipe-tag-icon wprm-recipe-cuisine-icon\"><svg xmlns=\"http:\/\/www.w3.org\/2000\/svg\" xmlns:xlink=\"http:\/\/www.w3.org\/1999\/xlink\" x=\"0px\" y=\"0px\" width=\"16px\" height=\"16px\" viewBox=\"0 0 24 24\"><g ><path fill=\"#333333\" d=\"M22.707,12.293l-11-11C11.52,1.106,11.265,1,11,1H2C1.448,1,1,1.448,1,2v9c0,0.265,0.105,0.52,0.293,0.707l11,11C12.488,22.903,12.744,23,13,23s0.512-0.098,0.707-0.293l9-9C23.098,13.317,23.098,12.684,22.707,12.293z M7,9C5.895,9,5,8.105,5,7c0-1.105,0.895-2,2-2s2,0.895,2,2C9,8.105,8.105,9,7,9z M13,17.414L8.586,13L10,11.586L14.414,16L13,17.414z M16,14.414L11.586,10L13,8.586L17.414,13L16,14.414z\"\/><\/g><\/svg><\/span> <span class=\"wprm-recipe-details-label wprm-block-text-bold wprm-recipe-tag-label wprm-recipe-cuisine-label\">Cocina: <\/span><span class=\"wprm-recipe-cuisine wprm-block-text-normal\">French<\/span><\/div><div class=\"wprm-recipe-block-container wprm-recipe-block-container-inline wprm-block-text-normal wprm-recipe-tag-container wprm-recipe-keyword-container\" style=\"\"><span class=\"wprm-recipe-icon wprm-recipe-tag-icon wprm-recipe-keyword-icon\"><svg xmlns=\"http:\/\/www.w3.org\/2000\/svg\" xmlns:xlink=\"http:\/\/www.w3.org\/1999\/xlink\" x=\"0px\" y=\"0px\" width=\"16px\" height=\"16px\" viewBox=\"0 0 24 24\"><g ><path fill=\"#333333\" d=\"M22.707,12.293l-11-11C11.52,1.106,11.265,1,11,1H2C1.448,1,1,1.448,1,2v9c0,0.265,0.105,0.52,0.293,0.707l11,11C12.488,22.903,12.744,23,13,23s0.512-0.098,0.707-0.293l9-9C23.098,13.317,23.098,12.684,22.707,12.293z M7,9C5.895,9,5,8.105,5,7c0-1.105,0.895-2,2-2s2,0.895,2,2C9,8.105,8.105,9,7,9z M13,17.414L8.586,13L10,11.586L14.414,16L13,17.414z M16,14.414L11.586,10L13,8.586L17.414,13L16,14.414z\"\/><\/g><\/svg><\/span> <span class=\"wprm-recipe-details-label wprm-block-text-bold wprm-recipe-tag-label wprm-recipe-keyword-label\">Palabra clave: <\/span><span class=\"wprm-recipe-keyword wprm-block-text-normal\">dough, pastry<\/span><\/div><\/div>\n    <\/div>\n    \n    \n<\/div><\/div><\/div>\n<p><strong>\u00bfHas hecho esta receta?<\/strong><\/p>\n\n<p><meta charset=\"utf-8\"\/>Por favor, \u00a1hazme saber c\u00f3mo te ha quedado! Deja un comentario a continuaci\u00f3n, etiqueta a <a href=\"https:\/\/www.instagram.com\/explore\/tags\/domesticgourmet\/\" target=\"_blank\" rel=\"noreferrer noopener\">@domesticgourmet<\/a> en <a href=\"https:\/\/www.instagram.com\/domesticgourmet\/\" target=\"_blank\" rel=\"noreferrer noopener\">Instagram<\/a> y usa el hashtag #domesticgourmet.<\/p>\n\n<div data-wp-context=\"{&quot;notices&quot;:[],&quot;hideNextPreviousButtons&quot;:false,&quot;isDisabledPrevious&quot;:true,&quot;isDisabledNext&quot;:false,&quot;ariaLabelPrevious&quot;:&quot;Productos anteriores&quot;,&quot;ariaLabelNext&quot;:&quot;Productos siguientes&quot;,&quot;collection&quot;:&quot;woocommerce\\\/product-collection\\\/best-sellers&quot;}\" data-wp-init=\"callbacks.onRender\" data-wp-interactive=\"woocommerce\/product-collection\" data-wp-router-region=\"wc-product-collection-0\" data-__private-preview-state=\"{&quot;isPreview&quot;:false,&quot;previewMessage&quot;:&quot;Actual products will vary depending on the page being viewed.&quot;}\" data-block-name=\"woocommerce\/product-collection\" data-collection=\"woocommerce\/product-collection\/best-sellers\" data-dimensions=\"{&quot;widthType&quot;:&quot;fill&quot;}\" data-display-layout=\"{&quot;type&quot;:&quot;flex&quot;,&quot;columns&quot;:5,&quot;shrinkColumns&quot;:true}\" data-hide-controls=\"[&quot;inherit&quot;,&quot;order&quot;,&quot;filterable&quot;]\" data-query-context-includes=\"[&quot;collection&quot;]\" data-query-id=\"0\" data-query=\"{&quot;perPage&quot;:8,&quot;pages&quot;:1,&quot;offset&quot;:0,&quot;postType&quot;:&quot;product&quot;,&quot;order&quot;:&quot;desc&quot;,&quot;orderBy&quot;:&quot;popularity&quot;,&quot;search&quot;:&quot;&quot;,&quot;exclude&quot;:[],&quot;inherit&quot;:false,&quot;taxQuery&quot;:[],&quot;isProductCollectionBlock&quot;:true,&quot;featured&quot;:false,&quot;woocommerceOnSale&quot;:false,&quot;woocommerceStockStatus&quot;:[&quot;instock&quot;,&quot;outofstock&quot;,&quot;onbackorder&quot;],&quot;woocommerceAttributes&quot;:[],&quot;woocommerceHandPickedProducts&quot;:[],&quot;filterable&quot;:false,&quot;relatedBy&quot;:{&quot;categories&quot;:true,&quot;tags&quot;:true}}\" data-tag-name=\"div\" class=\"wp-block-woocommerce-product-collection is-layout-flow wp-block-woocommerce-product-collection-is-layout-flow\">\t\t<div data-wp-interactive=\"woocommerce\/store-notices\" class=\"wc-block-components-notices alignwide\">\n\t\t\t<template data-wp-each--notice=\"state.notices\" data-wp-each-key=\"context.notice.id\">\n\t\t\t\t<div\n\t\t\t\t\tclass=\"wc-block-components-notice-banner\"\n\t\t\t\t\tdata-wp-init=\"callbacks.scrollIntoView\"\n\t\t\t\t\tdata-wp-class--is-error=\"state.isError\"\n\t\t\t\t\tdata-wp-class--is-success=\"state.isSuccess\"\n\t\t\t\t\tdata-wp-class--is-info=\"state.isInfo\"\n\t\t\t\t\tdata-wp-class--is-dismissible=\"context.notice.dismissible\"\n\t\t\t\t\tdata-wp-bind--role=\"state.role\"\n\t\t\t\t\tdata-wp-watch=\"callbacks.injectIcon\"\n\t\t\t\t>\n\t\t\t\t\t<div class=\"wc-block-components-notice-banner__content\">\n\t\t\t\t\t\t<span data-wp-init=\"callbacks.renderNoticeContent\" aria-live=\"assertive\" aria-atomic=\"true\"><\/span>\n\t\t\t\t\t<\/div>\n\t\t\t\t\t<button\n\t\t\t\t\t\tdata-wp-bind--hidden=\"!context.notice.dismissible\"\n\t\t\t\t\t\tclass=\"wc-block-components-button wp-element-button wc-block-components-notice-banner__dismiss contained\"\n\t\t\t\t\t\taria-label=\"Descartar este aviso\"\n\t\t\t\t\t\tdata-wp-on--click=\"actions.removeNotice\"\n\t\t\t\t\t>\n\t\t\t\t\t\t<svg xmlns=\"http:\/\/www.w3.org\/2000\/svg\" viewBox=\"0 0 24 24\">\n\t\t\t\t\t\t\t<path d=\"M13 11.8l6.1-6.3-1-1-6.1 6.2-6.1-6.2-1 1 6.1 6.3-6.5 6.7 1 1 6.5-6.6 6.5 6.6 1-1z\" \/>\n\t\t\t\t\t\t<\/svg>\n\t\t\t\t\t<\/button>\n\t\t\t\t<\/div>\n\t\t\t<\/template>\n\t\t<\/div>\n\t\t\n<h2 class=\"wp-block-heading has-text-align-center\" style=\"margin-bottom:1rem\">Productos m\u00e1s vendidos<\/h2>\n\n\n<ul data-block-name=\"woocommerce\/product-template\" class=\"wc-block-product-template__responsive columns-5 wc-block-product-template wp-block-woocommerce-product-template is-layout-flow wp-block-woocommerce-product-template-is-layout-flow\" data-wp-on--scroll=\"actions.watchScroll\" data-wp-init=\"callbacks.initResizeObserver\"><li class=\"wc-block-product post-4566 product type-product status-publish has-post-thumbnail product_cat-aceites first instock taxable shipping-taxable purchasable product-type-simple\"\n\t\t\t\t\t\n\t\t\t\tdata-wp-interactive=\"woocommerce\/product-collection\"\n\t\t\t\tdata-wp-context='{\"productId\":4566}'\n\t\t\t\tdata-wp-key=\"product-item-4566\"\n\t\t\t\n\t\t\t\t>\n\t\t\t\t\t\n<div data-block-name=\"woocommerce\/product-image\" data-image-sizing=\"thumbnail\" data-is-descendent-of-query-loop=\"true\" data-show-sale-badge=\"false\" class=\"wc-block-components-product-image wc-block-grid__product-image wc-block-components-product-image--aspect-ratio-auto wp-block-woocommerce-product-image\"><a href=\"https:\/\/www.domesticgourmet.com\/es\/product\/aceite-de-achiote-ecologico\/\" style=\"\" data-wp-on--click=\"woocommerce\/product-collection::actions.viewProduct\"><img decoding=\"async\" width=\"300\" height=\"300\" src=\"https:\/\/www.domesticgourmet.com\/wp-content\/smush-webp\/2024\/09\/IMG_5719-300x300.jpeg.webp\" class=\"attachment-woocommerce_thumbnail size-woocommerce_thumbnail\" alt=\"Domestic Gourmet Aceite de Achiote Ecol\u00f3gico - Etiqueta Aceite de Achiote\" data-testid=\"product-image\" data-image-id=\"3820\" style=\"object-fit:cover;\" loading=\"lazy\" srcset=\"https:\/\/www.domesticgourmet.com\/wp-content\/smush-webp\/2024\/09\/IMG_5719-300x300.jpeg.webp 300w, https:\/\/www.domesticgourmet.com\/wp-content\/smush-webp\/2024\/09\/IMG_5719-150x150.jpeg.webp 150w, https:\/\/www.domesticgourmet.com\/wp-content\/smush-webp\/2024\/09\/IMG_5719-500x500.jpeg.webp 500w, https:\/\/www.domesticgourmet.com\/wp-content\/smush-webp\/2024\/09\/IMG_5719-600x600.jpeg.webp 600w, https:\/\/www.domesticgourmet.com\/wp-content\/smush-webp\/2024\/09\/IMG_5719-100x100.jpeg.webp 100w\" sizes=\"auto, (max-width: 300px) 100vw, 300px\" \/><div class=\"wc-block-components-product-image__inner-container\">\n\n<\/div><\/a><\/div>\n\n<h2 style=\"line-height:1.4; margin-bottom:0.75rem;margin-top:0;\" class=\"has-text-align-center wp-block-post-title has-medium-font-size\"><a data-wp-on--click=\"woocommerce\/product-collection::actions.viewProduct\" href=\"https:\/\/www.domesticgourmet.com\/es\/product\/aceite-de-achiote-ecologico\/\" target=\"_self\" >Aceite de Achiote Ecol\u00f3gico &#8211; Aceite de Achiote<\/a><\/h2>\n\n<div data-block-name=\"woocommerce\/product-price\" data-font-size=\"small\" data-is-descendent-of-query-loop=\"true\" data-text-align=\"center\" class=\"has-font-size has-small-font-size has-text-align-center wp-block-woocommerce-product-price has-small-font-size\" ><div class=\"wc-block-components-product-price wc-block-grid__product-price\" >\n\t\t\t\t\t<span class=\"woocommerce-Price-amount amount\"><bdi><span class=\"woocommerce-Price-currencySymbol\">&#36;<\/span>29.95<\/bdi><\/span>\n\t\t\t\t<\/div><\/div>\n\n<div data-block-name=\"woocommerce\/product-button\" data-font-size=\"small\" data-is-descendent-of-query-loop=\"true\" data-text-align=\"center\" class=\"wp-block-button wc-block-components-product-button   align-center wp-block-woocommerce-product-button has-small-font-size\"\n\t\t\t\t\t\n\t\t\t\t\tdata-wp-context='{\"quantityToAdd\":1,\"productId\":4566,\"productType\":\"simple\",\"addToCartText\":\"A\\u00f1adir al carrito\",\"tempQuantity\":0,\"animationStatus\":\"IDLE\",\"inTheCartText\":\"### en el carrito\",\"noticeId\":\"\",\"hasPressedButton\":false}'\n\t\t\t\t>\n\t\t\t\t\t<a\n\t\t\t\t\t\tclass=\"wp-block-button__link wp-element-button wc-block-components-product-button__button add_to_cart_button product_type_simple has-font-size has-small-font-size has-text-align-center wc-interactive\"\n\t\t\t\t\t\tstyle=\"\"\n\t\t\t\t\t\thref=\"\/es\/wp-json\/wp\/v2\/posts\/5335?add-to-cart=4566\" rel=\"nofollow\" data-product_id=\"4566\" data-product_sku=\"0860012364503\" aria-label=\"A\u00f1adir al carrito: &ldquo;Aceite de Achiote Ecol\u00f3gico - Aceite de Achiote&rdquo;\"\n\t\t\t\t\t\tdata-wp-on--click=\"woocommerce\/product-collection::actions.viewProduct\"\n\t\t\t\t\t>\n\t\t\t\t\t<span >A\u00f1adir al carrito<\/span>\n\t\t\t\t\t<\/a>\n\t\t\t\t\t\n\t\t\t\t<\/div>\n\n\t\t\t\t<\/li><li class=\"wc-block-product post-5937 product type-product status-publish has-post-thumbnail product_cat-especias  instock taxable shipping-taxable purchasable product-type-simple\"\n\t\t\t\t\t\n\t\t\t\tdata-wp-interactive=\"woocommerce\/product-collection\"\n\t\t\t\tdata-wp-context='{\"productId\":5937}'\n\t\t\t\tdata-wp-key=\"product-item-5937\"\n\t\t\t\n\t\t\t\t>\n\t\t\t\t\t\n<div data-block-name=\"woocommerce\/product-image\" data-image-sizing=\"thumbnail\" data-is-descendent-of-query-loop=\"true\" data-show-sale-badge=\"false\" class=\"wc-block-components-product-image wc-block-grid__product-image wc-block-components-product-image--aspect-ratio-auto wp-block-woocommerce-product-image\"><a href=\"https:\/\/www.domesticgourmet.com\/es\/product\/adobo-ecologico-domestic-gourmet\/\" style=\"\" data-wp-on--click=\"woocommerce\/product-collection::actions.viewProduct\"><img decoding=\"async\" width=\"300\" height=\"300\" src=\"https:\/\/www.domesticgourmet.com\/wp-content\/smush-webp\/2025\/10\/IMG_4829-300x300.jpg.webp\" class=\"attachment-woocommerce_thumbnail size-woocommerce_thumbnail\" alt=\"Adobo org\u00e1nico Domestic Gourmet\" data-testid=\"product-image\" data-image-id=\"6191\" style=\"object-fit:cover;\" loading=\"lazy\" srcset=\"https:\/\/www.domesticgourmet.com\/wp-content\/smush-webp\/2025\/10\/IMG_4829-300x300.jpg.webp 300w, https:\/\/www.domesticgourmet.com\/wp-content\/smush-webp\/2025\/10\/IMG_4829-150x150.jpg.webp 150w, https:\/\/www.domesticgourmet.com\/wp-content\/smush-webp\/2025\/10\/IMG_4829-100x100.jpg.webp 100w\" sizes=\"auto, (max-width: 300px) 100vw, 300px\" \/><div class=\"wc-block-components-product-image__inner-container\">\n\n<\/div><\/a><\/div>\n\n<h2 style=\"line-height:1.4; margin-bottom:0.75rem;margin-top:0;\" class=\"has-text-align-center wp-block-post-title has-medium-font-size\"><a data-wp-on--click=\"woocommerce\/product-collection::actions.viewProduct\" href=\"https:\/\/www.domesticgourmet.com\/es\/product\/adobo-ecologico-domestic-gourmet\/\" target=\"_self\" >Adobo org\u00e1nico Domestic Gourmet<\/a><\/h2>\n\n<div data-block-name=\"woocommerce\/product-price\" data-font-size=\"small\" data-is-descendent-of-query-loop=\"true\" data-text-align=\"center\" class=\"has-font-size has-small-font-size has-text-align-center wp-block-woocommerce-product-price has-small-font-size\" ><div class=\"wc-block-components-product-price wc-block-grid__product-price\" >\n\t\t\t\t\t<span class=\"woocommerce-Price-amount amount\"><bdi><span class=\"woocommerce-Price-currencySymbol\">&#36;<\/span>11.00<\/bdi><\/span>\n\t\t\t\t<\/div><\/div>\n\n<div data-block-name=\"woocommerce\/product-button\" data-font-size=\"small\" data-is-descendent-of-query-loop=\"true\" data-text-align=\"center\" class=\"wp-block-button wc-block-components-product-button   align-center wp-block-woocommerce-product-button has-small-font-size\"\n\t\t\t\t\t\n\t\t\t\t\tdata-wp-context='{\"quantityToAdd\":1,\"productId\":5937,\"productType\":\"simple\",\"addToCartText\":\"A\\u00f1adir al carrito\",\"tempQuantity\":0,\"animationStatus\":\"IDLE\",\"inTheCartText\":\"### en el carrito\",\"noticeId\":\"\",\"hasPressedButton\":false}'\n\t\t\t\t>\n\t\t\t\t\t<a\n\t\t\t\t\t\tclass=\"wp-block-button__link wp-element-button wc-block-components-product-button__button add_to_cart_button product_type_simple has-font-size has-small-font-size has-text-align-center wc-interactive\"\n\t\t\t\t\t\tstyle=\"\"\n\t\t\t\t\t\thref=\"\/es\/wp-json\/wp\/v2\/posts\/5335?add-to-cart=5937\" rel=\"nofollow\" data-product_id=\"5937\" data-product_sku=\"\" aria-label=\"A\u00f1adir al carrito: &ldquo;Adobo org\u00e1nico Domestic Gourmet&rdquo;\"\n\t\t\t\t\t\tdata-wp-on--click=\"woocommerce\/product-collection::actions.viewProduct\"\n\t\t\t\t\t>\n\t\t\t\t\t<span >A\u00f1adir al carrito<\/span>\n\t\t\t\t\t<\/a>\n\t\t\t\t\t\n\t\t\t\t<\/div>\n\n\t\t\t\t<\/li><li class=\"wc-block-product post-5935 product type-product status-publish has-post-thumbnail product_cat-especias  instock taxable shipping-taxable purchasable product-type-simple\"\n\t\t\t\t\t\n\t\t\t\tdata-wp-interactive=\"woocommerce\/product-collection\"\n\t\t\t\tdata-wp-context='{\"productId\":5935}'\n\t\t\t\tdata-wp-key=\"product-item-5935\"\n\t\t\t\n\t\t\t\t>\n\t\t\t\t\t\n<div data-block-name=\"woocommerce\/product-image\" data-image-sizing=\"thumbnail\" data-is-descendent-of-query-loop=\"true\" data-show-sale-badge=\"false\" class=\"wc-block-components-product-image wc-block-grid__product-image wc-block-components-product-image--aspect-ratio-auto wp-block-woocommerce-product-image\"><a href=\"https:\/\/www.domesticgourmet.com\/es\/product\/sazon-ecologico-gourmet-domestico\/\" style=\"\" data-wp-on--click=\"woocommerce\/product-collection::actions.viewProduct\"><img decoding=\"async\" width=\"300\" height=\"300\" src=\"https:\/\/www.domesticgourmet.com\/wp-content\/smush-webp\/2025\/10\/IMG_4911-300x300.png.webp\" class=\"attachment-woocommerce_thumbnail size-woocommerce_thumbnail\" alt=\"Saz\u00f3n Org\u00e1nico Gourmet Dom\u00e9stico\" data-testid=\"product-image\" data-image-id=\"6307\" style=\"object-fit:cover;\" loading=\"lazy\" srcset=\"https:\/\/www.domesticgourmet.com\/wp-content\/smush-webp\/2025\/10\/IMG_4911-300x300.png.webp 300w, https:\/\/www.domesticgourmet.com\/wp-content\/smush-webp\/2025\/10\/IMG_4911-150x150.png.webp 150w, https:\/\/www.domesticgourmet.com\/wp-content\/smush-webp\/2025\/10\/IMG_4911-500x500.png.webp 500w, https:\/\/www.domesticgourmet.com\/wp-content\/smush-webp\/2025\/10\/IMG_4911-600x600.png.webp 600w, https:\/\/www.domesticgourmet.com\/wp-content\/smush-webp\/2025\/10\/IMG_4911-100x100.png.webp 100w\" sizes=\"auto, (max-width: 300px) 100vw, 300px\" \/><div class=\"wc-block-components-product-image__inner-container\">\n\n<\/div><\/a><\/div>\n\n<h2 style=\"line-height:1.4; margin-bottom:0.75rem;margin-top:0;\" class=\"has-text-align-center wp-block-post-title has-medium-font-size\"><a data-wp-on--click=\"woocommerce\/product-collection::actions.viewProduct\" href=\"https:\/\/www.domesticgourmet.com\/es\/product\/sazon-ecologico-gourmet-domestico\/\" target=\"_self\" >Saz\u00f3n Org\u00e1nico Gourmet Dom\u00e9stico<\/a><\/h2>\n\n<div data-block-name=\"woocommerce\/product-price\" data-font-size=\"small\" data-is-descendent-of-query-loop=\"true\" data-text-align=\"center\" class=\"has-font-size has-small-font-size has-text-align-center wp-block-woocommerce-product-price has-small-font-size\" ><div class=\"wc-block-components-product-price wc-block-grid__product-price\" >\n\t\t\t\t\t<span class=\"woocommerce-Price-amount amount\"><bdi><span class=\"woocommerce-Price-currencySymbol\">&#36;<\/span>11.00<\/bdi><\/span>\n\t\t\t\t<\/div><\/div>\n\n<div data-block-name=\"woocommerce\/product-button\" data-font-size=\"small\" data-is-descendent-of-query-loop=\"true\" data-text-align=\"center\" class=\"wp-block-button wc-block-components-product-button   align-center wp-block-woocommerce-product-button has-small-font-size\"\n\t\t\t\t\t\n\t\t\t\t\tdata-wp-context='{\"quantityToAdd\":1,\"productId\":5935,\"productType\":\"simple\",\"addToCartText\":\"A\\u00f1adir al carrito\",\"tempQuantity\":0,\"animationStatus\":\"IDLE\",\"inTheCartText\":\"### en el carrito\",\"noticeId\":\"\",\"hasPressedButton\":false}'\n\t\t\t\t>\n\t\t\t\t\t<a\n\t\t\t\t\t\tclass=\"wp-block-button__link wp-element-button wc-block-components-product-button__button add_to_cart_button product_type_simple has-font-size has-small-font-size has-text-align-center wc-interactive\"\n\t\t\t\t\t\tstyle=\"\"\n\t\t\t\t\t\thref=\"\/es\/wp-json\/wp\/v2\/posts\/5335?add-to-cart=5935\" rel=\"nofollow\" data-product_id=\"5935\" data-product_sku=\"\" aria-label=\"A\u00f1adir al carrito: &ldquo;Saz\u00f3n Org\u00e1nico Gourmet Dom\u00e9stico&rdquo;\"\n\t\t\t\t\t\tdata-wp-on--click=\"woocommerce\/product-collection::actions.viewProduct\"\n\t\t\t\t\t>\n\t\t\t\t\t<span >A\u00f1adir al carrito<\/span>\n\t\t\t\t\t<\/a>\n\t\t\t\t\t\n\t\t\t\t<\/div>\n\n\t\t\t\t<\/li><li class=\"wc-block-product post-5916 product type-product status-publish has-post-thumbnail product_cat-aceites last instock taxable shipping-taxable purchasable product-type-simple\"\n\t\t\t\t\t\n\t\t\t\tdata-wp-interactive=\"woocommerce\/product-collection\"\n\t\t\t\tdata-wp-context='{\"productId\":5916}'\n\t\t\t\tdata-wp-key=\"product-item-5916\"\n\t\t\t\n\t\t\t\t>\n\t\t\t\t\t\n<div data-block-name=\"woocommerce\/product-image\" data-image-sizing=\"thumbnail\" data-is-descendent-of-query-loop=\"true\" data-show-sale-badge=\"false\" class=\"wc-block-components-product-image wc-block-grid__product-image wc-block-components-product-image--aspect-ratio-auto wp-block-woocommerce-product-image\"><a href=\"https:\/\/www.domesticgourmet.com\/es\/product\/tamano-de-la-muestra-aceite-de-achiote\/\" style=\"\" data-wp-on--click=\"woocommerce\/product-collection::actions.viewProduct\"><img decoding=\"async\" width=\"300\" height=\"300\" src=\"https:\/\/www.domesticgourmet.com\/wp-content\/smush-webp\/2025\/09\/img_3497-300x300.jpeg.webp\" class=\"attachment-woocommerce_thumbnail size-woocommerce_thumbnail\" alt=\"Tama\u00f1o de la muestra Aceite de achiote\" data-testid=\"product-image\" data-image-id=\"5878\" style=\"object-fit:cover;\" loading=\"lazy\" srcset=\"https:\/\/www.domesticgourmet.com\/wp-content\/smush-webp\/2025\/09\/img_3497-300x300.jpeg.webp 300w, https:\/\/www.domesticgourmet.com\/wp-content\/smush-webp\/2025\/09\/img_3497-150x150.jpeg.webp 150w, https:\/\/www.domesticgourmet.com\/wp-content\/smush-webp\/2025\/09\/img_3497-500x500.jpeg.webp 500w, https:\/\/www.domesticgourmet.com\/wp-content\/smush-webp\/2025\/09\/img_3497-600x600.jpeg.webp 600w, https:\/\/www.domesticgourmet.com\/wp-content\/smush-webp\/2025\/09\/img_3497-100x100.jpeg.webp 100w\" sizes=\"auto, (max-width: 300px) 100vw, 300px\" \/><div class=\"wc-block-components-product-image__inner-container\">\n\n<\/div><\/a><\/div>\n\n<h2 style=\"line-height:1.4; margin-bottom:0.75rem;margin-top:0;\" class=\"has-text-align-center wp-block-post-title has-medium-font-size\"><a data-wp-on--click=\"woocommerce\/product-collection::actions.viewProduct\" href=\"https:\/\/www.domesticgourmet.com\/es\/product\/tamano-de-la-muestra-aceite-de-achiote\/\" target=\"_self\" >Tama\u00f1o de la muestra Aceite de achiote<\/a><\/h2>\n\n<div data-block-name=\"woocommerce\/product-price\" data-font-size=\"small\" data-is-descendent-of-query-loop=\"true\" data-text-align=\"center\" class=\"has-font-size has-small-font-size has-text-align-center wp-block-woocommerce-product-price has-small-font-size\" ><div class=\"wc-block-components-product-price wc-block-grid__product-price\" >\n\t\t\t\t\t<span class=\"woocommerce-Price-amount amount\"><bdi><span class=\"woocommerce-Price-currencySymbol\">&#36;<\/span>3.50<\/bdi><\/span>\n\t\t\t\t<\/div><\/div>\n\n<div data-block-name=\"woocommerce\/product-button\" data-font-size=\"small\" data-is-descendent-of-query-loop=\"true\" data-text-align=\"center\" class=\"wp-block-button wc-block-components-product-button   align-center wp-block-woocommerce-product-button has-small-font-size\"\n\t\t\t\t\t\n\t\t\t\t\tdata-wp-context='{\"quantityToAdd\":1,\"productId\":5916,\"productType\":\"simple\",\"addToCartText\":\"A\\u00f1adir al carrito\",\"tempQuantity\":0,\"animationStatus\":\"IDLE\",\"inTheCartText\":\"### en el carrito\",\"noticeId\":\"\",\"hasPressedButton\":false}'\n\t\t\t\t>\n\t\t\t\t\t<a\n\t\t\t\t\t\tclass=\"wp-block-button__link wp-element-button wc-block-components-product-button__button add_to_cart_button product_type_simple has-font-size has-small-font-size has-text-align-center wc-interactive\"\n\t\t\t\t\t\tstyle=\"\"\n\t\t\t\t\t\thref=\"\/es\/wp-json\/wp\/v2\/posts\/5335?add-to-cart=5916\" rel=\"nofollow\" data-product_id=\"5916\" data-product_sku=\"\" aria-label=\"A\u00f1adir al carrito: &ldquo;Tama\u00f1o de la muestra Aceite de achiote&rdquo;\"\n\t\t\t\t\t\tdata-wp-on--click=\"woocommerce\/product-collection::actions.viewProduct\"\n\t\t\t\t\t>\n\t\t\t\t\t<span >A\u00f1adir al carrito<\/span>\n\t\t\t\t\t<\/a>\n\t\t\t\t\t\n\t\t\t\t<\/div>\n\n\t\t\t\t<\/li><li class=\"wc-block-product post-6791 product type-product status-publish has-post-thumbnail product_cat-especias first onbackorder taxable shipping-taxable purchasable product-type-simple\"\n\t\t\t\t\t\n\t\t\t\tdata-wp-interactive=\"woocommerce\/product-collection\"\n\t\t\t\tdata-wp-context='{\"productId\":6791}'\n\t\t\t\tdata-wp-key=\"product-item-6791\"\n\t\t\t\n\t\t\t\t>\n\t\t\t\t\t\n<div data-block-name=\"woocommerce\/product-image\" data-image-sizing=\"thumbnail\" data-is-descendent-of-query-loop=\"true\" data-show-sale-badge=\"false\" class=\"wc-block-components-product-image wc-block-grid__product-image wc-block-components-product-image--aspect-ratio-auto wp-block-woocommerce-product-image\"><a href=\"https:\/\/www.domesticgourmet.com\/es\/product\/duo-de-adobo-organico-y-sazon-organico\/\" style=\"\" data-wp-on--click=\"woocommerce\/product-collection::actions.viewProduct\"><img decoding=\"async\" width=\"300\" height=\"300\" src=\"https:\/\/www.domesticgourmet.com\/wp-content\/smush-webp\/2025\/12\/Spice-Duo-300x300.png.webp\" class=\"attachment-woocommerce_thumbnail size-woocommerce_thumbnail\" alt=\"D\u00fao de adobo org\u00e1nico y sazonador org\u00e1nico de Domestic Gourmet\" data-testid=\"product-image\" data-image-id=\"6790\" style=\"object-fit:cover;\" loading=\"lazy\" srcset=\"https:\/\/www.domesticgourmet.com\/wp-content\/smush-webp\/2025\/12\/Spice-Duo-300x300.png.webp 300w, https:\/\/www.domesticgourmet.com\/wp-content\/smush-webp\/2025\/12\/Spice-Duo-150x150.png.webp 150w, https:\/\/www.domesticgourmet.com\/wp-content\/smush-webp\/2025\/12\/Spice-Duo-500x500.png.webp 500w, https:\/\/www.domesticgourmet.com\/wp-content\/smush-webp\/2025\/12\/Spice-Duo-600x600.png.webp 600w, https:\/\/www.domesticgourmet.com\/wp-content\/smush-webp\/2025\/12\/Spice-Duo-100x100.png.webp 100w\" sizes=\"auto, (max-width: 300px) 100vw, 300px\" \/><div class=\"wc-block-components-product-image__inner-container\">\n\n<\/div><\/a><\/div>\n\n<h2 style=\"line-height:1.4; margin-bottom:0.75rem;margin-top:0;\" class=\"has-text-align-center wp-block-post-title has-medium-font-size\"><a data-wp-on--click=\"woocommerce\/product-collection::actions.viewProduct\" href=\"https:\/\/www.domesticgourmet.com\/es\/product\/duo-de-adobo-organico-y-sazon-organico\/\" target=\"_self\" >D\u00fao de Adobo Org\u00e1nico y Saz\u00f3n Org\u00e1nico<\/a><\/h2>\n\n<div data-block-name=\"woocommerce\/product-price\" data-font-size=\"small\" data-is-descendent-of-query-loop=\"true\" data-text-align=\"center\" class=\"has-font-size has-small-font-size has-text-align-center wp-block-woocommerce-product-price has-small-font-size\" ><div class=\"wc-block-components-product-price wc-block-grid__product-price\" >\n\t\t\t\t\t<span class=\"woocommerce-Price-amount amount\"><bdi><span class=\"woocommerce-Price-currencySymbol\">&#36;<\/span>20.00<\/bdi><\/span>\n\t\t\t\t<\/div><\/div>\n\n<div data-block-name=\"woocommerce\/product-button\" data-font-size=\"small\" data-is-descendent-of-query-loop=\"true\" data-text-align=\"center\" class=\"wp-block-button wc-block-components-product-button   align-center wp-block-woocommerce-product-button has-small-font-size\"\n\t\t\t\t\t\n\t\t\t\t\tdata-wp-context='{\"quantityToAdd\":1,\"productId\":6791,\"productType\":\"simple\",\"addToCartText\":\"A\\u00f1adir al carrito\",\"tempQuantity\":0,\"animationStatus\":\"IDLE\",\"inTheCartText\":\"### en el carrito\",\"noticeId\":\"\",\"hasPressedButton\":false}'\n\t\t\t\t>\n\t\t\t\t\t<a\n\t\t\t\t\t\tclass=\"wp-block-button__link wp-element-button wc-block-components-product-button__button add_to_cart_button product_type_simple has-font-size has-small-font-size has-text-align-center wc-interactive\"\n\t\t\t\t\t\tstyle=\"\"\n\t\t\t\t\t\thref=\"\/es\/wp-json\/wp\/v2\/posts\/5335?add-to-cart=6791\" rel=\"nofollow\" data-product_id=\"6791\" data-product_sku=\"\" aria-label=\"A\u00f1adir al carrito: &ldquo;D\u00fao de Adobo Org\u00e1nico y Saz\u00f3n Org\u00e1nico&rdquo;\"\n\t\t\t\t\t\tdata-wp-on--click=\"woocommerce\/product-collection::actions.viewProduct\"\n\t\t\t\t\t>\n\t\t\t\t\t<span >A\u00f1adir al carrito<\/span>\n\t\t\t\t\t<\/a>\n\t\t\t\t\t\n\t\t\t\t<\/div>\n\n\t\t\t\t<\/li><li class=\"wc-block-product post-5925 product type-product status-publish has-post-thumbnail product_cat-bateria-de-cocina  instock taxable shipping-taxable purchasable product-type-simple\"\n\t\t\t\t\t\n\t\t\t\tdata-wp-interactive=\"woocommerce\/product-collection\"\n\t\t\t\tdata-wp-context='{\"productId\":5925}'\n\t\t\t\tdata-wp-key=\"product-item-5925\"\n\t\t\t\n\t\t\t\t>\n\t\t\t\t\t\n<div data-block-name=\"woocommerce\/product-image\" data-image-sizing=\"thumbnail\" data-is-descendent-of-query-loop=\"true\" data-show-sale-badge=\"false\" class=\"wc-block-components-product-image wc-block-grid__product-image wc-block-components-product-image--aspect-ratio-auto wp-block-woocommerce-product-image\"><a href=\"https:\/\/www.domesticgourmet.com\/es\/product\/hilo-para-pasteles-cordel-de-carnicero\/\" style=\"\" data-wp-on--click=\"woocommerce\/product-collection::actions.viewProduct\"><img decoding=\"async\" width=\"300\" height=\"300\" src=\"https:\/\/www.domesticgourmet.com\/wp-content\/smush-webp\/2025\/10\/IMG_4516-300x300.jpg.webp\" class=\"attachment-woocommerce_thumbnail size-woocommerce_thumbnail\" alt=\"Paquete de papel para pasteles y cordel de carnicero de primera calidad de Domestic Gourmet.\" data-testid=\"product-image\" data-image-id=\"6785\" style=\"object-fit:cover;\" loading=\"lazy\" srcset=\"https:\/\/www.domesticgourmet.com\/wp-content\/smush-webp\/2025\/10\/IMG_4516-300x300.jpg.webp 300w, https:\/\/www.domesticgourmet.com\/wp-content\/smush-webp\/2025\/10\/IMG_4516-150x150.jpg.webp 150w, https:\/\/www.domesticgourmet.com\/wp-content\/smush-webp\/2025\/10\/IMG_4516-500x500.jpg.webp 500w, https:\/\/www.domesticgourmet.com\/wp-content\/smush-webp\/2025\/10\/IMG_4516-600x600.jpg.webp 600w, https:\/\/www.domesticgourmet.com\/wp-content\/smush-webp\/2025\/10\/IMG_4516-100x100.jpg.webp 100w\" sizes=\"auto, (max-width: 300px) 100vw, 300px\" \/><div class=\"wc-block-components-product-image__inner-container\">\n\n<\/div><\/a><\/div>\n\n<h2 style=\"line-height:1.4; margin-bottom:0.75rem;margin-top:0;\" class=\"has-text-align-center wp-block-post-title has-medium-font-size\"><a data-wp-on--click=\"woocommerce\/product-collection::actions.viewProduct\" href=\"https:\/\/www.domesticgourmet.com\/es\/product\/hilo-para-pasteles-cordel-de-carnicero\/\" target=\"_self\" >Paquete de papel para pasteles de primera calidad e hilo de carnicero.<\/a><\/h2>\n\n<div data-block-name=\"woocommerce\/product-price\" data-font-size=\"small\" data-is-descendent-of-query-loop=\"true\" data-text-align=\"center\" class=\"has-font-size has-small-font-size has-text-align-center wp-block-woocommerce-product-price has-small-font-size\" ><div class=\"wc-block-components-product-price wc-block-grid__product-price\" >\n\t\t\t\t\t<span class=\"woocommerce-Price-amount amount\"><bdi><span class=\"woocommerce-Price-currencySymbol\">&#36;<\/span>12.49<\/bdi><\/span>\n\t\t\t\t<\/div><\/div>\n\n<div data-block-name=\"woocommerce\/product-button\" data-font-size=\"small\" data-is-descendent-of-query-loop=\"true\" data-text-align=\"center\" class=\"wp-block-button wc-block-components-product-button   align-center wp-block-woocommerce-product-button has-small-font-size\"\n\t\t\t\t\t\n\t\t\t\t\tdata-wp-context='{\"quantityToAdd\":1,\"productId\":5925,\"productType\":\"simple\",\"addToCartText\":\"A\\u00f1adir al carrito\",\"tempQuantity\":0,\"animationStatus\":\"IDLE\",\"inTheCartText\":\"### en el carrito\",\"noticeId\":\"\",\"hasPressedButton\":false}'\n\t\t\t\t>\n\t\t\t\t\t<a\n\t\t\t\t\t\tclass=\"wp-block-button__link wp-element-button wc-block-components-product-button__button add_to_cart_button product_type_simple has-font-size has-small-font-size has-text-align-center wc-interactive\"\n\t\t\t\t\t\tstyle=\"\"\n\t\t\t\t\t\thref=\"\/es\/wp-json\/wp\/v2\/posts\/5335?add-to-cart=5925\" rel=\"nofollow\" data-product_id=\"5925\" data-product_sku=\"\" aria-label=\"A\u00f1adir al carrito: &ldquo;Paquete de papel para pasteles de primera calidad e hilo de carnicero.&rdquo;\"\n\t\t\t\t\t\tdata-wp-on--click=\"woocommerce\/product-collection::actions.viewProduct\"\n\t\t\t\t\t>\n\t\t\t\t\t<span >A\u00f1adir al carrito<\/span>\n\t\t\t\t\t<\/a>\n\t\t\t\t\t\n\t\t\t\t<\/div>\n\n\t\t\t\t<\/li><li class=\"wc-block-product post-5939 product type-product status-publish has-post-thumbnail product_cat-aceites product_cat-especias  instock taxable shipping-taxable purchasable product-type-simple\"\n\t\t\t\t\t\n\t\t\t\tdata-wp-interactive=\"woocommerce\/product-collection\"\n\t\t\t\tdata-wp-context='{\"productId\":5939}'\n\t\t\t\tdata-wp-key=\"product-item-5939\"\n\t\t\t\n\t\t\t\t>\n\t\t\t\t\t\n<div data-block-name=\"woocommerce\/product-image\" data-image-sizing=\"thumbnail\" data-is-descendent-of-query-loop=\"true\" data-show-sale-badge=\"false\" class=\"wc-block-components-product-image wc-block-grid__product-image wc-block-components-product-image--aspect-ratio-auto wp-block-woocommerce-product-image\"><a href=\"https:\/\/www.domesticgourmet.com\/es\/product\/caja-regalo-reina-de-noche-buena\/\" style=\"\" data-wp-on--click=\"woocommerce\/product-collection::actions.viewProduct\"><img decoding=\"async\" width=\"300\" height=\"300\" src=\"https:\/\/www.domesticgourmet.com\/wp-content\/smush-webp\/2025\/10\/Queen-of-Noche-Buena-Pic-300x300.jpg.webp\" class=\"attachment-woocommerce_thumbnail size-woocommerce_thumbnail\" alt=\"La Caja Regalo Reina de Noche Buena contiene Aceite de Achiote Ecol\u00f3gico Domestic Gourmet - Aceite de Achiote, Adobo Ecol\u00f3gico y Saz\u00f3n Ecol\u00f3gico\" data-testid=\"product-image\" data-image-id=\"5998\" style=\"object-fit:cover;\" loading=\"lazy\" srcset=\"https:\/\/www.domesticgourmet.com\/wp-content\/smush-webp\/2025\/10\/Queen-of-Noche-Buena-Pic-300x300.jpg.webp 300w, https:\/\/www.domesticgourmet.com\/wp-content\/smush-webp\/2025\/10\/Queen-of-Noche-Buena-Pic-150x150.jpg.webp 150w, https:\/\/www.domesticgourmet.com\/wp-content\/smush-webp\/2025\/10\/Queen-of-Noche-Buena-Pic-500x500.jpg.webp 500w, https:\/\/www.domesticgourmet.com\/wp-content\/smush-webp\/2025\/10\/Queen-of-Noche-Buena-Pic-600x600.jpg.webp 600w, https:\/\/www.domesticgourmet.com\/wp-content\/smush-webp\/2025\/10\/Queen-of-Noche-Buena-Pic-100x100.jpg.webp 100w\" sizes=\"auto, (max-width: 300px) 100vw, 300px\" \/><div class=\"wc-block-components-product-image__inner-container\">\n\n<\/div><\/a><\/div>\n\n<h2 style=\"line-height:1.4; margin-bottom:0.75rem;margin-top:0;\" class=\"has-text-align-center wp-block-post-title has-medium-font-size\"><a data-wp-on--click=\"woocommerce\/product-collection::actions.viewProduct\" href=\"https:\/\/www.domesticgourmet.com\/es\/product\/caja-regalo-reina-de-noche-buena\/\" target=\"_self\" >Caja regalo Reina de Noche Buena<\/a><\/h2>\n\n<div data-block-name=\"woocommerce\/product-price\" data-font-size=\"small\" data-is-descendent-of-query-loop=\"true\" data-text-align=\"center\" class=\"has-font-size has-small-font-size has-text-align-center wp-block-woocommerce-product-price has-small-font-size\" ><div class=\"wc-block-components-product-price wc-block-grid__product-price\" >\n\t\t\t\t\t<span class=\"woocommerce-Price-amount amount\"><bdi><span class=\"woocommerce-Price-currencySymbol\">&#36;<\/span>50.85<\/bdi><\/span>\n\t\t\t\t<\/div><\/div>\n\n<div data-block-name=\"woocommerce\/product-button\" data-font-size=\"small\" data-is-descendent-of-query-loop=\"true\" data-text-align=\"center\" class=\"wp-block-button wc-block-components-product-button   align-center wp-block-woocommerce-product-button has-small-font-size\"\n\t\t\t\t\t\n\t\t\t\t\tdata-wp-context='{\"quantityToAdd\":1,\"productId\":5939,\"productType\":\"simple\",\"addToCartText\":\"A\\u00f1adir al carrito\",\"tempQuantity\":0,\"animationStatus\":\"IDLE\",\"inTheCartText\":\"### en el carrito\",\"noticeId\":\"\",\"hasPressedButton\":false}'\n\t\t\t\t>\n\t\t\t\t\t<a\n\t\t\t\t\t\tclass=\"wp-block-button__link wp-element-button wc-block-components-product-button__button add_to_cart_button product_type_simple has-font-size has-small-font-size has-text-align-center wc-interactive\"\n\t\t\t\t\t\tstyle=\"\"\n\t\t\t\t\t\thref=\"\/es\/wp-json\/wp\/v2\/posts\/5335?add-to-cart=5939\" rel=\"nofollow\" data-product_id=\"5939\" data-product_sku=\"\" aria-label=\"A\u00f1adir al carrito: &ldquo;Caja regalo Reina de Noche Buena&rdquo;\"\n\t\t\t\t\t\tdata-wp-on--click=\"woocommerce\/product-collection::actions.viewProduct\"\n\t\t\t\t\t>\n\t\t\t\t\t<span >A\u00f1adir al carrito<\/span>\n\t\t\t\t\t<\/a>\n\t\t\t\t\t\n\t\t\t\t<\/div>\n\n\t\t\t\t<\/li><li class=\"wc-block-product post-5921 product type-product status-publish has-post-thumbnail product_cat-bateria-de-cocina last instock taxable shipping-taxable purchasable product-type-simple\"\n\t\t\t\t\t\n\t\t\t\tdata-wp-interactive=\"woocommerce\/product-collection\"\n\t\t\t\tdata-wp-context='{\"productId\":5921}'\n\t\t\t\tdata-wp-key=\"product-item-5921\"\n\t\t\t\n\t\t\t\t>\n\t\t\t\t\t\n<div data-block-name=\"woocommerce\/product-image\" data-image-sizing=\"thumbnail\" data-is-descendent-of-query-loop=\"true\" data-show-sale-badge=\"false\" class=\"wc-block-components-product-image wc-block-grid__product-image wc-block-components-product-image--aspect-ratio-auto wp-block-woocommerce-product-image\"><a href=\"https:\/\/www.domesticgourmet.com\/es\/product\/papel-para-pasteles-papel-para-envolver-pasteles\/\" style=\"\" data-wp-on--click=\"woocommerce\/product-collection::actions.viewProduct\"><img decoding=\"async\" width=\"300\" height=\"300\" src=\"https:\/\/www.domesticgourmet.com\/wp-content\/smush-webp\/2025\/10\/pasteles-paper-300x300.jpg.webp\" class=\"attachment-woocommerce_thumbnail size-woocommerce_thumbnail\" alt=\"Papel para Pasteles - Papel para Pasteles\" data-testid=\"product-image\" data-image-id=\"5918\" style=\"object-fit:cover;\" loading=\"lazy\" srcset=\"https:\/\/www.domesticgourmet.com\/wp-content\/smush-webp\/2025\/10\/pasteles-paper-300x300.jpg.webp 300w, https:\/\/www.domesticgourmet.com\/wp-content\/smush-webp\/2025\/10\/pasteles-paper-150x150.jpg.webp 150w, https:\/\/www.domesticgourmet.com\/wp-content\/smush-webp\/2025\/10\/pasteles-paper-500x500.jpg.webp 500w, https:\/\/www.domesticgourmet.com\/wp-content\/smush-webp\/2025\/10\/pasteles-paper-600x600.jpg.webp 600w, https:\/\/www.domesticgourmet.com\/wp-content\/smush-webp\/2025\/10\/pasteles-paper-100x100.jpg.webp 100w\" sizes=\"auto, (max-width: 300px) 100vw, 300px\" \/><div class=\"wc-block-components-product-image__inner-container\">\n\n<\/div><\/a><\/div>\n\n<h2 style=\"line-height:1.4; margin-bottom:0.75rem;margin-top:0;\" class=\"has-text-align-center wp-block-post-title has-medium-font-size\"><a data-wp-on--click=\"woocommerce\/product-collection::actions.viewProduct\" href=\"https:\/\/www.domesticgourmet.com\/es\/product\/papel-para-pasteles-papel-para-envolver-pasteles\/\" target=\"_self\" >Papel Para Pasteles &#8211; Papel para Envolver Pasteles<\/a><\/h2>\n\n<div data-block-name=\"woocommerce\/product-price\" data-font-size=\"small\" data-is-descendent-of-query-loop=\"true\" data-text-align=\"center\" class=\"has-font-size has-small-font-size has-text-align-center wp-block-woocommerce-product-price has-small-font-size\" ><div class=\"wc-block-components-product-price wc-block-grid__product-price\" >\n\t\t\t\t\t<span class=\"woocommerce-Price-amount amount\"><bdi><span class=\"woocommerce-Price-currencySymbol\">&#36;<\/span>9.49<\/bdi><\/span>\n\t\t\t\t<\/div><\/div>\n\n<div data-block-name=\"woocommerce\/product-button\" data-font-size=\"small\" data-is-descendent-of-query-loop=\"true\" data-text-align=\"center\" class=\"wp-block-button wc-block-components-product-button   align-center wp-block-woocommerce-product-button has-small-font-size\"\n\t\t\t\t\t\n\t\t\t\t\tdata-wp-context='{\"quantityToAdd\":1,\"productId\":5921,\"productType\":\"simple\",\"addToCartText\":\"A\\u00f1adir al carrito\",\"tempQuantity\":0,\"animationStatus\":\"IDLE\",\"inTheCartText\":\"### en el carrito\",\"noticeId\":\"\",\"hasPressedButton\":false}'\n\t\t\t\t>\n\t\t\t\t\t<a\n\t\t\t\t\t\tclass=\"wp-block-button__link wp-element-button wc-block-components-product-button__button add_to_cart_button product_type_simple has-font-size has-small-font-size has-text-align-center wc-interactive\"\n\t\t\t\t\t\tstyle=\"\"\n\t\t\t\t\t\thref=\"\/es\/wp-json\/wp\/v2\/posts\/5335?add-to-cart=5921\" rel=\"nofollow\" data-product_id=\"5921\" data-product_sku=\"\" aria-label=\"A\u00f1adir al carrito: &ldquo;Papel Para Pasteles - Papel para Envolver Pasteles&rdquo;\"\n\t\t\t\t\t\tdata-wp-on--click=\"woocommerce\/product-collection::actions.viewProduct\"\n\t\t\t\t\t>\n\t\t\t\t\t<span >A\u00f1adir al carrito<\/span>\n\t\t\t\t\t<\/a>\n\t\t\t\t\t\n\t\t\t\t<\/div>\n\n\t\t\t\t<\/li><\/ul><\/div>\n","protected":false},"excerpt":{"rendered":"<p>Una receta r\u00e1pida de hojaldre para envolver tus rellenos dulces, de pollo o ternera.<\/p>\n","protected":false},"author":1,"featured_media":3857,"comment_status":"open","ping_status":"open","sticky":false,"template":"","format":"standard","meta":{"wprm-recipe-roundup-name":"","wprm-recipe-roundup-description":"","loftocean_post_primary_category":0,"loftocean_post_format_gallery":"","loftocean_post_format_gallery_ids":"","loftocean_post_format_gallery_urls":"","loftocean_post_format_video_id":0,"loftocean_post_format_video_url":"","loftocean_post_format_video_type":"","loftocean_post_format_video":"","loftocean_post_format_audio_type":"","loftocean_post_format_audio_url":"","loftocean_post_format_audio_id":0,"loftocean_post_format_audio":"","loftocean-featured-post":"","loftocean-like-count":0,"loftocean-view-count":977,"tinysalt_single_post_intro_label":"","tinysalt_single_post_intro_description":"","tinysalt_hide_post_featured_image":"","tinysalt_post_featured_media_position":"","tinysalt_single_site_header_source":"","tinysalt_single_custom_site_header":"0","tinysalt_single_custom_sticky_site_header":"0","tinysalt_single_custom_sticky_site_header_style":"sticky-scroll-up","tinysalt_single_site_footer_source":"","tinysalt_single_custom_site_footer":"0","footnotes":""},"categories":[1185,1042],"tags":[],"class_list":["post-5335","post","type-post","status-publish","format-standard","has-post-thumbnail","hentry","category-hornear","category-annatto-oil-recipes-es"],"aioseo_notices":[],"_links":{"self":[{"href":"https:\/\/www.domesticgourmet.com\/es\/wp-json\/wp\/v2\/posts\/5335","targetHints":{"allow":["GET"]}}],"collection":[{"href":"https:\/\/www.domesticgourmet.com\/es\/wp-json\/wp\/v2\/posts"}],"about":[{"href":"https:\/\/www.domesticgourmet.com\/es\/wp-json\/wp\/v2\/types\/post"}],"author":[{"embeddable":true,"href":"https:\/\/www.domesticgourmet.com\/es\/wp-json\/wp\/v2\/users\/1"}],"replies":[{"embeddable":true,"href":"https:\/\/www.domesticgourmet.com\/es\/wp-json\/wp\/v2\/comments?post=5335"}],"version-history":[{"count":9,"href":"https:\/\/www.domesticgourmet.com\/es\/wp-json\/wp\/v2\/posts\/5335\/revisions"}],"predecessor-version":[{"id":6748,"href":"https:\/\/www.domesticgourmet.com\/es\/wp-json\/wp\/v2\/posts\/5335\/revisions\/6748"}],"wp:featuredmedia":[{"embeddable":true,"href":"https:\/\/www.domesticgourmet.com\/es\/wp-json\/wp\/v2\/media\/3857"}],"wp:attachment":[{"href":"https:\/\/www.domesticgourmet.com\/es\/wp-json\/wp\/v2\/media?parent=5335"}],"wp:term":[{"taxonomy":"category","embeddable":true,"href":"https:\/\/www.domesticgourmet.com\/es\/wp-json\/wp\/v2\/categories?post=5335"},{"taxonomy":"post_tag","embeddable":true,"href":"https:\/\/www.domesticgourmet.com\/es\/wp-json\/wp\/v2\/tags?post=5335"}],"curies":[{"name":"wp","href":"https:\/\/api.w.org\/{rel}","templated":true}]}}